{"id":147292,"date":"2026-04-30T13:25:23","date_gmt":"2026-04-30T19:25:23","guid":{"rendered":"https:\/\/diariodigitalmx.com\/?p=147292"},"modified":"2026-04-30T13:26:13","modified_gmt":"2026-04-30T19:26:13","slug":"adrian-de-la-garza-anuncia-cambios-en-el-gabinete-de-monterrey","status":"publish","type":"post","link":"https:\/\/diariodigitalmx.com\/index.php\/2026\/04\/30\/adrian-de-la-garza-anuncia-cambios-en-el-gabinete-de-monterrey\/","title":{"rendered":"Adri\u00e1n de la Garza anuncia cambios en el Gabinete de Monterrey"},"content":{"rendered":"\n<p><\/p>\n\n\n\n<p>El alcalde de Monterrey, Adri\u00e1n de la Garza, anunci\u00f3 este d\u00eda una serie de cambios en su gabinete con el objetivo de fortalecer la capacidad de respuesta del gobierno municipal, consolidar resultados y reforzar la cercan\u00eda con la ciudadan\u00eda.\u2022<br>Durante un mensaje dirigido a la poblaci\u00f3n, el edil subray\u00f3 que Monterrey atraviesa un momento que exige decisiones firmes, car\u00e1cter y un enfoque claro en resolver los problemas de la gente.\u2022<br>Destac\u00f3 que los ajustes en su administraci\u00f3n est\u00e1n: \u201cencaminados a garantizar el bien com\u00fan, reforzar la cercan\u00eda con la ciudadan\u00eda, y que con una vocaci\u00f3n humanista podamos atender mejor sus necesidades.<br>\u201dCambios en el gabineteComo parte de esta reconfiguraci\u00f3n, se anunciaron los siguientes nombramientos:<\/p>\n\n\n\n<ul>\n<li>Fernando Marg\u00e1in Sada como titular de la Secretar\u00eda de Desarrollo Humano e Igualdad Sustantiva. Cuenta con trayectoria en los \u00e1mbitos jur\u00eddico, empresarial, acad\u00e9mico y p\u00fablico, y se desempe\u00f1\u00f3 como Jefe de Gabinete del gobierno de Monterrey.<\/li>\n\n\n\n<li>Wendy Cordero Gonz\u00e1lez fue designada como nueva Jefa de Gabinete. Ha sido diputada federal, regidora y lideresa en temas de mujeres en Nuevo Le\u00f3n, destacando recientemente al frente del Instituto Municipal de las Mujeres Regias.<\/li>\n\n\n\n<li>\u00c1frica Elizondo Rodr\u00edguez fue propuesta para encabezar el Instituto Municipal de las Mujeres Regias, sujeta a ratificaci\u00f3n del Cabildo. Cuenta con experiencia en el \u00e1mbito municipal, estatal y legislativo.<\/li>\n\n\n\n<li>Tania Hern\u00e1ndez Gonz\u00e1lez fue propuesta como titular de la Contralor\u00eda Municipal, tambi\u00e9n sujeta a ratificaci\u00f3n del Cabildo, con trayectoria en transparencia, control interno y responsabilidades administrativas.<br>Las designaciones de Tania Hern\u00e1ndez al frente de la Contralor\u00eda Municipal y de \u00c1frica Elizondo al frente del Instituto Municipal de las Mujeres Regias se remitir\u00e1n al Ayuntamiento para su aprobaci\u00f3n.<br>El Alcalde de Monterrey agradeci\u00f3 y reconoci\u00f3 la labor desempe\u00f1ada por Jovita Mor\u00edn Flores, quien comunic\u00f3 su separaci\u00f3n del cargo de Contralora Municipal con el fin de dedicarse a nuevos retos personales y profesionales.<br>Mor\u00edn Flores impuls\u00f3 desde la Contralor\u00eda Municipal importantes acciones orientadas al fortalecimiento de la transparencia, el control interno, la capacitaci\u00f3n del personal municipal y la fiscalizaci\u00f3n, entre otros proyectos a los que se dar\u00e1 seguimiento y continuidad en la administraci\u00f3n municipal.<br>El alcalde explic\u00f3 que estos cambios buscan fortalecer un equipo con experiencia, vocaci\u00f3n de servicio y capacidad de ejecuci\u00f3n: \u201cLos perfiles que hoy se integran tienen un objetivo muy claro, acelerar las respuestas del gobierno, fortalecer los programas y garantizar que cada \u00e1rea est\u00e9 enfocada en resolver.\u201d<br>Asimismo, reiter\u00f3 que su administraci\u00f3n est\u00e1 enfocada en responder con acciones concretas a las demandas ciudadanas: \u201cEn Monterrey, todos estamos obligados a dar resultados. Gobernar bien es devolverle a la gente su tiempo, su tranquilidad y su certeza.\u201d<br>Con estos ajustes, el Gobierno de Monterrey inicia una nueva etapa orientada a fortalecer la eficiencia institucional, el orden y la confianza ciudadana.<\/li>\n<\/ul>\n","protected":false},"excerpt":{"rendered":"<p>El alcalde de Monterrey, Adri\u00e1n de la Garza, anunci\u00f3 este d\u00eda una serie de cambios en su gabinete con el objetivo de fortalecer la capacidad de respuesta del gobierno municipal, consolidar resultados y reforzar la cercan\u00eda con la ciudadan\u00eda.\u2022Durante un mensaje dirigido a la poblaci\u00f3n, el edil subray\u00f3 que Monterrey atraviesa un momento que exige [&hellip;]<\/p>\n","protected":false},"author":1,"featured_media":147294,"comment_status":"open","ping_status":"open","sticky":true,"template":"","format":"standard","meta":{"footnotes":""},"categories":[6,3,5],"tags":[],"_links":{"self":[{"href":"https:\/\/diariodigitalmx.com\/index.php\/wp-json\/wp\/v2\/posts\/147292"}],"collection":[{"href":"https:\/\/diariodigitalmx.com\/index.php\/wp-json\/wp\/v2\/posts"}],"about":[{"href":"https:\/\/diariodigitalmx.com\/index.php\/wp-json\/wp\/v2\/types\/post"}],"author":[{"embeddable":true,"href":"https:\/\/diariodigitalmx.com\/index.php\/wp-json\/wp\/v2\/users\/1"}],"replies":[{"embeddable":true,"href":"https:\/\/diariodigitalmx.com\/index.php\/wp-json\/wp\/v2\/comments?post=147292"}],"version-history":[{"count":2,"href":"https:\/\/diariodigitalmx.com\/index.php\/wp-json\/wp\/v2\/posts\/147292\/revisions"}],"predecessor-version":[{"id":147295,"href":"https:\/\/diariodigitalmx.com\/index.php\/wp-json\/wp\/v2\/posts\/147292\/revisions\/147295"}],"wp:featuredmedia":[{"embeddable":true,"href":"https:\/\/diariodigitalmx.com\/index.php\/wp-json\/wp\/v2\/media\/147294"}],"wp:attachment":[{"href":"https:\/\/diariodigitalmx.com\/index.php\/wp-json\/wp\/v2\/media?parent=147292"}],"wp:term":[{"taxonomy":"category","embeddable":true,"href":"https:\/\/diariodigitalmx.com\/index.php\/wp-json\/wp\/v2\/categories?post=147292"},{"taxonomy":"post_tag","embeddable":true,"href":"https:\/\/diariodigitalmx.com\/index.php\/wp-json\/wp\/v2\/tags?post=147292"}],"curies":[{"name":"wp","href":"https:\/\/api.w.org\/{rel}","templated":true}]}}