{"id":147296,"date":"2026-04-30T20:03:19","date_gmt":"2026-05-01T02:03:19","guid":{"rendered":"https:\/\/diariodigitalmx.com\/?p=147296"},"modified":"2026-04-30T20:06:03","modified_gmt":"2026-05-01T02:06:03","slug":"se-suma-la-4t-nortena-a-fortalecer-los-espacios-deportivos-rumbo-al-mundial-2026","status":"publish","type":"post","link":"https:\/\/diariodigitalmx.com\/index.php\/2026\/04\/30\/se-suma-la-4t-nortena-a-fortalecer-los-espacios-deportivos-rumbo-al-mundial-2026\/","title":{"rendered":"Se suma la 4T Norte\u00f1a a fortalecer los espacios deportivos rumbo al Mundial 2026"},"content":{"rendered":"\n<p>Para que el Mundial 2026 deje un legado real en las comunidades, este jueves, la 4T Norte\u00f1a se sum\u00f3 al fortalecimiento de la infraestructura y el equipamiento deportivo, apostando por espacios que lleguen a las colonias, se utilicen y permanezcan en beneficio de la ciudadan\u00eda.<br>En el lobby del Teatro Digital Fidel Vel\u00e1zquez se llev\u00f3 a cabo la toma de protesta del Comit\u00e9 Estatal de Proyectos Comunitarios (CCEPC), en el que participar\u00e1n activamente los municipios de Escobedo, Monterrey y Garc\u00eda, donde ciudadanos y Gobierno trabajar\u00e1n de la mano para ello.<br>El Alcalde Andr\u00e9s Mijes, quien encabez\u00f3 esta suma de esfuerzos dijo que esta coordinaci\u00f3n intermunicipal tiene la responsabilidad de garantizar que el llamado Mundial Social se ejecute correctamente y llegue a donde m\u00e1s se necesita: a las colonias, a las familias y a la comunidad en general.<\/p>\n\n\n\n<figure class=\"wp-block-image size-large\"><img loading=\"lazy\" decoding=\"async\" width=\"1024\" height=\"682\" src=\"https:\/\/diariodigitalmx.com\/wp-content\/uploads\/2026\/04\/344807-1024x682.jpg\" alt=\"\" class=\"wp-image-147300\" srcset=\"https:\/\/diariodigitalmx.com\/wp-content\/uploads\/2026\/04\/344807-1024x682.jpg 1024w, https:\/\/diariodigitalmx.com\/wp-content\/uploads\/2026\/04\/344807-300x200.jpg 300w, https:\/\/diariodigitalmx.com\/wp-content\/uploads\/2026\/04\/344807-768x512.jpg 768w, https:\/\/diariodigitalmx.com\/wp-content\/uploads\/2026\/04\/344807.jpg 1280w\" sizes=\"(max-width: 1024px) 100vw, 1024px\" \/><\/figure>\n\n\n\n<p>\u201cNo se trata solo de deporte. Se trata de algo m\u00e1s grande, se trata de acceso. Se trata de inclusi\u00f3n. Esta es una iniciativa que entiende que un evento global tambi\u00e9n debe dejar beneficios reales en las comunidades\u201d.<br>\u201cAs\u00ed, el Mundial no se queda solo en la pantalla, en la publicidad o en los grandes estadios. De esta forma el Mundial va a permanecer\u201d, precis\u00f3 Mijes.<br>Subray\u00f3 que, no se trata \u00fanicamente de deporte, sino de generar acceso, inclusi\u00f3n y oportunidades a trav\u00e9s de proyectos que dejen beneficios tangibles m\u00e1s all\u00e1 del evento internacional.<br>El Edil mencion\u00f3 que el Mundial de Futbol no se limita a los estadios o a la proyecci\u00f3n medi\u00e1tica, sino que se convierte en una oportunidad para transformar el entorno social, contribuyendo as\u00ed a la construcci\u00f3n de paz.<\/p>\n\n\n\n<figure class=\"wp-block-image size-full\"><img loading=\"lazy\" decoding=\"async\" width=\"800\" height=\"533\" src=\"https:\/\/diariodigitalmx.com\/wp-content\/uploads\/2026\/04\/344806.jpg\" alt=\"\" class=\"wp-image-147301\" srcset=\"https:\/\/diariodigitalmx.com\/wp-content\/uploads\/2026\/04\/344806.jpg 800w, https:\/\/diariodigitalmx.com\/wp-content\/uploads\/2026\/04\/344806-300x200.jpg 300w, https:\/\/diariodigitalmx.com\/wp-content\/uploads\/2026\/04\/344806-768x512.jpg 768w\" sizes=\"(max-width: 800px) 100vw, 800px\" \/><\/figure>\n\n\n\n<p>La estrategia impulsa un modelo de trabajo donde municipios, autoridades locales y Federaci\u00f3n colaboran de manera coordinada, sin barreras ni divisiones administrativas, priorizando el bienestar com\u00fan.<br>Esta iniciativa tiene como objetivo ampliar el acceso a espacios deportivos adecuados, seguros y funcionales, especialmente en zonas con rezago social, mediante proyectos alineados a las prioridades del Gobierno de M\u00e9xico y ejecutados con participaci\u00f3n ciudadana.<br>Asimismo, se promueve la participaci\u00f3n activa de la comunidad como elemento clave para asegurar que estos espacios sean sostenibles y respondan a las verdaderas necesidades de la poblaci\u00f3n.<br>El Comit\u00e9 Estatal estar\u00e1 integrado por hasta siete ciudadanas y ciudadanos que dar\u00e1n seguimiento a la implementaci\u00f3n del Proyecto Mundial Social rumbo al Mundial FIFA 2026, consolidando una agenda compartida entre los municipios participantes para optimizar recursos, intercambiar buenas pr\u00e1cticas y generar impactos positivos medibles.<\/p>\n\n\n\n<figure class=\"wp-block-image size-large\"><img loading=\"lazy\" decoding=\"async\" width=\"1024\" height=\"682\" src=\"https:\/\/diariodigitalmx.com\/wp-content\/uploads\/2026\/04\/344805-1024x682.jpg\" alt=\"\" class=\"wp-image-147303\" srcset=\"https:\/\/diariodigitalmx.com\/wp-content\/uploads\/2026\/04\/344805-1024x682.jpg 1024w, https:\/\/diariodigitalmx.com\/wp-content\/uploads\/2026\/04\/344805-300x200.jpg 300w, https:\/\/diariodigitalmx.com\/wp-content\/uploads\/2026\/04\/344805-768x512.jpg 768w, https:\/\/diariodigitalmx.com\/wp-content\/uploads\/2026\/04\/344805.jpg 1280w\" sizes=\"(max-width: 1024px) 100vw, 1024px\" \/><\/figure>\n\n\n\n<p>De esta manera, la 4T Norte\u00f1a avanza en equipo para construir un mejor Nuevo Le\u00f3n, aline\u00e1ndose as\u00ed a la visi\u00f3n de la Presidenta Claudia Sheinbaum Pardo que apuesta a la coordinaci\u00f3n, la inclusi\u00f3n y el desarrollo social como la mejor estrategia para ganar el partido m\u00e1s importante: el bienestar de su gente.<br>En este evento se cont\u00f3 con la presencia de Arturo Alberto Fern\u00e1ndez Cisneros, Titular de la Oficina del SEDATU en Nuevo Le\u00f3n, Armando Mart\u00ednez L\u00f3pez, representante del Gobernador, Melody Falc\u00f3 D\u00edaz, directora General del Instituto Estatal de Cultura F\u00edsica y Deporte del Estado de Nuevo Le\u00f3n, Marco Antonio Olivo, representante del Alcalde de Monterrey, Diego Balleza, representante del Alcalde de Garc\u00eda.<\/p>\n","protected":false},"excerpt":{"rendered":"<p>Para que el Mundial 2026 deje un legado real en las comunidades, este jueves, la 4T Norte\u00f1a se sum\u00f3 al fortalecimiento de la infraestructura y el equipamiento deportivo, apostando por espacios que lleguen a las colonias, se utilicen y permanezcan en beneficio de la ciudadan\u00eda.En el lobby del Teatro Digital Fidel Vel\u00e1zquez se llev\u00f3 a [&hellip;]<\/p>\n","protected":false},"author":1,"featured_media":147298,"comment_status":"open","ping_status":"open","sticky":true,"template":"","format":"standard","meta":{"footnotes":""},"categories":[8,14],"tags":[],"_links":{"self":[{"href":"https:\/\/diariodigitalmx.com\/index.php\/wp-json\/wp\/v2\/posts\/147296"}],"collection":[{"href":"https:\/\/diariodigitalmx.com\/index.php\/wp-json\/wp\/v2\/posts"}],"about":[{"href":"https:\/\/diariodigitalmx.com\/index.php\/wp-json\/wp\/v2\/types\/post"}],"author":[{"embeddable":true,"href":"https:\/\/diariodigitalmx.com\/index.php\/wp-json\/wp\/v2\/users\/1"}],"replies":[{"embeddable":true,"href":"https:\/\/diariodigitalmx.com\/index.php\/wp-json\/wp\/v2\/comments?post=147296"}],"version-history":[{"count":3,"href":"https:\/\/diariodigitalmx.com\/index.php\/wp-json\/wp\/v2\/posts\/147296\/revisions"}],"predecessor-version":[{"id":147304,"href":"https:\/\/diariodigitalmx.com\/index.php\/wp-json\/wp\/v2\/posts\/147296\/revisions\/147304"}],"wp:featuredmedia":[{"embeddable":true,"href":"https:\/\/diariodigitalmx.com\/index.php\/wp-json\/wp\/v2\/media\/147298"}],"wp:attachment":[{"href":"https:\/\/diariodigitalmx.com\/index.php\/wp-json\/wp\/v2\/media?parent=147296"}],"wp:term":[{"taxonomy":"category","embeddable":true,"href":"https:\/\/diariodigitalmx.com\/index.php\/wp-json\/wp\/v2\/categories?post=147296"},{"taxonomy":"post_tag","embeddable":true,"href":"https:\/\/diariodigitalmx.com\/index.php\/wp-json\/wp\/v2\/tags?post=147296"}],"curies":[{"name":"wp","href":"https:\/\/api.w.org\/{rel}","templated":true}]}}