{"id":147308,"date":"2026-05-01T08:12:34","date_gmt":"2026-05-01T14:12:34","guid":{"rendered":"https:\/\/diariodigitalmx.com\/?p=147308"},"modified":"2026-05-01T08:13:14","modified_gmt":"2026-05-01T14:13:14","slug":"ya-se-sabia","status":"publish","type":"post","link":"https:\/\/diariodigitalmx.com\/index.php\/2026\/05\/01\/ya-se-sabia\/","title":{"rendered":"Ya se sab\u00eda"},"content":{"rendered":"\n<p>De frente y de perfil <\/p>\n\n\n\n<p>Ram\u00f3n Zurita Sahag\u00fan <\/p>\n\n\n\n<p>Era un secreto no contenido que corr\u00eda profusamente por todo el estado de Sinaloa. Para nadie fue sorpresa la denuncia que hizo el gobierno de los Estados Unidos sobre la presunta complicidad del gobernador Rub\u00e9n Rocha Moya con el c\u00e1rtel de Sinaloa.<\/p>\n\n\n\n<p>Es un esc\u00e1ndalo internacional que se pudo evitar, si el gobierno federal hubiese atendido las denuncias presentadas en contra del gobernador y los que se consideran sus c\u00f3mplices, entre los que se encuentran el senador Enrique Inzunza, el alcalde de Culiac\u00e1n, m\u00e1s siete funcionarios y exfuncionarios del gobierno sinaloense.<\/p>\n\n\n\n<p>Sinaloa se cimbr\u00f3 con la acusaci\u00f3n y las calles de Culiac\u00e1n se llenaron de pronto de mucha vigilancia y de retenes, cada dos o tres cuadras se encuentra uno y los conductores de veh\u00edculos eran detenidos una y otra vez, lo que no sucedi\u00f3 en los d\u00edas m\u00e1s caliente de la guerra entre c\u00e1rteles.<\/p>\n\n\n\n<p>Ahogado el ni\u00f1o ahora si quieren tapar el pozo y el repudiado gobernador adopt\u00f3 medidas para evitar mayores sucesos como el ocurrido hace un par de d\u00edas en que cuatro mujeres fueron asesinadas, culminando los d\u00edas de violencia que arrecian y disminuyen seg\u00fan las circunstancias.<\/p>\n\n\n\n<p>Y es que parece ser que ahora s\u00ed el gobernador Rocha Moya tendr\u00e1 que enfrentar las acusaciones muy serias que le hace el gobierno estadounidense y que el mexicano nunca quiso atender, desde\u00f1ando las protestas de la ciudadan\u00eda sinaloense.<\/p>\n\n\n\n<p>El pueblo sinaloense se expres\u00f3 en diversas ocasiones en contra del gobernador y de la violencia en el estado, sal\u00edan a las calles, protestaban y su repudio era respondido con el silencio del gobierno federal.<\/p>\n\n\n\n<p>Secuestros, matanzas, cr\u00edmenes de todo tipo campearon por las calles de las principales ciudades, especialmente de Culiac\u00e1n, ante la pasividad de la autoridad para responder y frenar la violencia, con t\u00edmidos intentos.<\/p>\n\n\n\n<p>La respuesta siempre fue enviar nuevos contingentes del ej\u00e9rcito y placear la presencia del secretario de Seguridad, Omar Garc\u00eda, el que se marchaba al d\u00eda siguiente y se reanudaba la violencia.<\/p>\n\n\n\n<p>Jam\u00e1s atendi\u00f3 el gobierno federal los reclamos de la poblaci\u00f3n en contra de su gobernante, ni tampoco las denuncias que existen sobre la presunta relaci\u00f3n de Rocha Moya con el C\u00e1rtel de Sinaloa.<\/p>\n\n\n\n<p>Ni siquiera cuando uno de los principales capos, Ismael \u201cMayo\u201d Zambada, denunci\u00f3 los contubernios del gobernador con el crimen organizado. Su denuncia fue desechada ya que lo dec\u00eda un delincuente.<\/p>\n\n\n\n<p>Ahora el panorama de ese Rocha Moya que se ergu\u00eda orgulloso, sabiendo que gozaba de impunidad y del cobijo de la 4T, qued\u00f3 evidenciado y hay que esperar cu\u00e1l ser\u00e1 la respuesta del gobierno federal, ante lo que est\u00e1 catalogado como un esc\u00e1ndalo que pronto podr\u00eda tener sus ramificaciones con otros personajes que han sido evidenciados por sus relaciones con la delincuencia organizada y contra los que el gobierno mexicano jam\u00e1s actuar\u00e1.<\/p>\n\n\n\n<pre class=\"wp-block-code\"><code>                                                                           \u2026\u2026\u2026\u2026\u2026\u2026..<\/code><\/pre>\n\n\n\n<p>Las acusaciones contra diversos personajes sinaloenses de la vida pol\u00edtica de MORENA, deja a este partido sin sus principales aspirantes al gobierno estatal. La senadora Imelda Castro queda como la candidata natural al gobierno del estado\u2026Qui\u00e9n es el gobernador que pretende silenciar al principal medio que lo critica en su estado a base de billetes. Ofreci\u00f3 una cantidad extraordinaria por el medio de comunicaci\u00f3n que le fue rechazada. Es un gobernador que en apenas a\u00f1o y medio de gobierno ya es rechazado por sus electores.<\/p>\n\n\n\n<p>Email: ramonzurita44@hotmail.com<\/p>\n\n\n\n<p>Email: ramonzurita44@gmail.com<\/p>\n","protected":false},"excerpt":{"rendered":"<p>De frente y de perfil Ram\u00f3n Zurita Sahag\u00fan Era un secreto no contenido que corr\u00eda profusamente por todo el estado de Sinaloa. Para nadie fue sorpresa la denuncia que hizo el gobierno de los Estados Unidos sobre la presunta complicidad del gobernador Rub\u00e9n Rocha Moya con el c\u00e1rtel de Sinaloa. Es un esc\u00e1ndalo internacional que [&hellip;]<\/p>\n","protected":false},"author":1,"featured_media":147310,"comment_status":"open","ping_status":"open","sticky":true,"template":"","format":"standard","meta":{"footnotes":""},"categories":[12,5],"tags":[],"_links":{"self":[{"href":"https:\/\/diariodigitalmx.com\/index.php\/wp-json\/wp\/v2\/posts\/147308"}],"collection":[{"href":"https:\/\/diariodigitalmx.com\/index.php\/wp-json\/wp\/v2\/posts"}],"about":[{"href":"https:\/\/diariodigitalmx.com\/index.php\/wp-json\/wp\/v2\/types\/post"}],"author":[{"embeddable":true,"href":"https:\/\/diariodigitalmx.com\/index.php\/wp-json\/wp\/v2\/users\/1"}],"replies":[{"embeddable":true,"href":"https:\/\/diariodigitalmx.com\/index.php\/wp-json\/wp\/v2\/comments?post=147308"}],"version-history":[{"count":1,"href":"https:\/\/diariodigitalmx.com\/index.php\/wp-json\/wp\/v2\/posts\/147308\/revisions"}],"predecessor-version":[{"id":147309,"href":"https:\/\/diariodigitalmx.com\/index.php\/wp-json\/wp\/v2\/posts\/147308\/revisions\/147309"}],"wp:featuredmedia":[{"embeddable":true,"href":"https:\/\/diariodigitalmx.com\/index.php\/wp-json\/wp\/v2\/media\/147310"}],"wp:attachment":[{"href":"https:\/\/diariodigitalmx.com\/index.php\/wp-json\/wp\/v2\/media?parent=147308"}],"wp:term":[{"taxonomy":"category","embeddable":true,"href":"https:\/\/diariodigitalmx.com\/index.php\/wp-json\/wp\/v2\/categories?post=147308"},{"taxonomy":"post_tag","embeddable":true,"href":"https:\/\/diariodigitalmx.com\/index.php\/wp-json\/wp\/v2\/tags?post=147308"}],"curies":[{"name":"wp","href":"https:\/\/api.w.org\/{rel}","templated":true}]}}