{"id":147311,"date":"2026-05-01T15:41:47","date_gmt":"2026-05-01T21:41:47","guid":{"rendered":"https:\/\/diariodigitalmx.com\/?p=147311"},"modified":"2026-05-01T15:42:23","modified_gmt":"2026-05-01T21:42:23","slug":"la-ia-puede-ser-el-motor-pero-el-trabajador-seguira-siendo-el-piloto-froc-de-nl","status":"publish","type":"post","link":"https:\/\/diariodigitalmx.com\/index.php\/2026\/05\/01\/la-ia-puede-ser-el-motor-pero-el-trabajador-seguira-siendo-el-piloto-froc-de-nl\/","title":{"rendered":"&#8220;La IA puede ser el motor, pero el trabajador seguir\u00e1 siendo el piloto&#8221;: FROC de NL"},"content":{"rendered":"\n<p>Colocando como prioridad en su agenda el tema de los sindicatos y la transformaci\u00f3n laboral en la era de la Inteligencia Artificial la central obrera celebro el Primero de Mayo D\u00eda del Trsbajo en Nuevo Le\u00f3n.<\/p>\n\n\n\n<p>Por: Francisco J. Pe\u00f1a Medina<\/p>\n\n\n\n<p>Bajo la consigna de que &#8220;La Inteligencia Artificial puede ser el motor, pero el trabajador debe seguir siendo el piloto&#8221;, la Federaci\u00f3n Revolucionaria de Obreros y Campesinos de Nuevo Le\u00f3n decidi\u00f3 incursionar a este campo de la inform\u00e1tica con miras a construir un futuro laboral m\u00e1s equitativo, competitivo y adaptado a las exigencias de la era digital.<\/p>\n\n\n\n<p>El objetivo msnifest\u00f3 el l\u00edder de la central obrera, Alberto Serna de Le\u00f3n es reflexionar sobre la evoluci\u00f3n del mundo laboral ante los avances tecnologicos y el papel del sindicalismo frente a este nuevo panorama.<\/p>\n\n\n\n<p>Luego de m\u00e1s de dos d\u00e9cadas de haber suspendido el tradicional Desfile del Primero de Mayo D\u00eda del Trabajo, y a 140 a\u00f1os de la gesta heroica de los M\u00e1rtires de Chicago Cananea y R\u00edo Blanco, la FROC record\u00f3 esa fecha abanderando el lema que reza: &#8220;Sindicato y Transformaci\u00f3n del Trabajo en la era de la Inteligencia Artificial &#8220;.<\/p>\n\n\n\n<p>&#8220;La finalidad de las actividades conmemorativas al Primero de Mayo, en esta ocasi\u00f3n ser\u00e1 fortalecer una visi\u00f3n sindical moderna , orientada al aprendizaje, la colaboraci\u00f3n y el liderazgo, posicionando a la Federaci\u00f3n Revolucionaria de Obreros y Campesinos, como factor clave para la construcci\u00f3n de un futuro laboral m\u00e1s equitativo, competitivo y adaptado a las exigencias de la era digital&#8221;.<\/p>\n\n\n\n<p>&#8220;De esta forma en nuestra organizaci\u00f3n demostramos que no nos oponemos al progreso pero el progreso sin justicia para el trabajador es un retroceso&#8221;,<br>advirti\u00f3 el dirigente croquista.<\/p>\n\n\n\n<p>Al evento conmemorativo por el 140 Aniversario de la gesta obrera que se realiz\u00f3 en el Auditorio &#8220;De los Fundadores&#8221; de la sede sindical asisti\u00f3 el Secretario del Trabajo de Nuevo Le\u00f3n, Federico Rojas Veloquio; representantes de sindicatos del transporte, industria , no asalariados y militantes croquistas de diversos municipios de la entidad.<\/p>\n\n\n\n<p>En su discurso y al hablar a nombre del gobernador del Estado, Rojas Veloquio refrendo la alianza que desde octubre del 2021 pactaron el gobierno estatal y los sindicatos en pro de la productividad y el empleo, lo que ha garantizado &#8211; dijo- 28 a\u00f1os de paz social en la entidad.<\/p>\n\n\n\n<p>Luego, el funcionario estatal rompi\u00f3 el protocolo y pidi\u00f3 a los asistentes que se pusieran de pie y rindieran con un aplauso un reconocimiento a la clase obrera con motivo del D\u00eda del Trabajo.<\/p>\n\n\n\n<p>En el acto estuvieron presentes C\u00e9sar Serna Escalera director del Comit\u00e9 Ejecutivo de la FROC de Nuevo Le\u00f3n, Ramiro Vargas Lugo, Secretario de Conflictos, Osvaldo Serna Serv\u00edn , l\u00edder Estatal del Autotransporte y Gilberto V\u00e1zquez Muro dirigente de la Federaci\u00f3n Nacional de Organizaciones de Trabajadores No Asalariados.<\/p>\n\n\n\n<p>Entre los funcionarios estatales se hicieron presentes Mario Alberto Mart\u00ednez Saucedo, presidente de la Junta de Conciliaci\u00f3n y Arbitraje y Daniel Gonz\u00e1lez titular del Centro Laboral en el Estado<\/p>\n\n\n\n<p>Desde el 2005 la Federaci\u00f3n Revolucionaria de Obreros y Campesinos bajo la dirigencia de Agust\u00edn Serna Serv\u00edn, ahora L\u00edder Moral de la Federaci\u00f3n Revolucionaria de Obreros y Campesinos se cancel\u00f3 la marcha del D\u00eda del Trabajo por considerarla obsoleta y anquilosada, a cambio se ofreci\u00f3 a los trabajadores festividades de esparcimiento y jornadas culturales .<\/p>\n","protected":false},"excerpt":{"rendered":"<p>Colocando como prioridad en su agenda el tema de los sindicatos y la transformaci\u00f3n laboral en la era de la Inteligencia Artificial la central obrera celebro el Primero de Mayo D\u00eda del Trsbajo en Nuevo Le\u00f3n. Por: Francisco J. Pe\u00f1a Medina Bajo la consigna de que &#8220;La Inteligencia Artificial puede ser el motor, pero el [&hellip;]<\/p>\n","protected":false},"author":1,"featured_media":147313,"comment_status":"open","ping_status":"open","sticky":true,"template":"","format":"standard","meta":{"footnotes":""},"categories":[6,3,5],"tags":[],"_links":{"self":[{"href":"https:\/\/diariodigitalmx.com\/index.php\/wp-json\/wp\/v2\/posts\/147311"}],"collection":[{"href":"https:\/\/diariodigitalmx.com\/index.php\/wp-json\/wp\/v2\/posts"}],"about":[{"href":"https:\/\/diariodigitalmx.com\/index.php\/wp-json\/wp\/v2\/types\/post"}],"author":[{"embeddable":true,"href":"https:\/\/diariodigitalmx.com\/index.php\/wp-json\/wp\/v2\/users\/1"}],"replies":[{"embeddable":true,"href":"https:\/\/diariodigitalmx.com\/index.php\/wp-json\/wp\/v2\/comments?post=147311"}],"version-history":[{"count":1,"href":"https:\/\/diariodigitalmx.com\/index.php\/wp-json\/wp\/v2\/posts\/147311\/revisions"}],"predecessor-version":[{"id":147312,"href":"https:\/\/diariodigitalmx.com\/index.php\/wp-json\/wp\/v2\/posts\/147311\/revisions\/147312"}],"wp:featuredmedia":[{"embeddable":true,"href":"https:\/\/diariodigitalmx.com\/index.php\/wp-json\/wp\/v2\/media\/147313"}],"wp:attachment":[{"href":"https:\/\/diariodigitalmx.com\/index.php\/wp-json\/wp\/v2\/media?parent=147311"}],"wp:term":[{"taxonomy":"category","embeddable":true,"href":"https:\/\/diariodigitalmx.com\/index.php\/wp-json\/wp\/v2\/categories?post=147311"},{"taxonomy":"post_tag","embeddable":true,"href":"https:\/\/diariodigitalmx.com\/index.php\/wp-json\/wp\/v2\/tags?post=147311"}],"curies":[{"name":"wp","href":"https:\/\/api.w.org\/{rel}","templated":true}]}}