{"id":147318,"date":"2026-05-01T23:35:10","date_gmt":"2026-05-02T05:35:10","guid":{"rendered":"https:\/\/diariodigitalmx.com\/?p=147318"},"modified":"2026-05-01T23:35:40","modified_gmt":"2026-05-02T05:35:40","slug":"pide-licencia-ruben-rocha","status":"publish","type":"post","link":"https:\/\/diariodigitalmx.com\/index.php\/2026\/05\/01\/pide-licencia-ruben-rocha\/","title":{"rendered":"Pide licencia Rub\u00e9n Rocha"},"content":{"rendered":"\n<p>Culiac\u00e1n, Sin.- En medio del esc\u00e1ndalo y de acusaciones de Estados Unidos por presunta participaci\u00f3n con el narcotr\u00e1fico, el gobernador de Sinaloa, Rub\u00e9n Rocha Moya, present\u00f3 ante el Congreso del Estado una solicitud de licencia temporal para separarse de su cargo.<br>La solicitud de licencia fue turnada al Congreso del Estado, que deber\u00e1 analizar y, en su caso, aprobar la separaci\u00f3n temporal del titular del Ejecutivo estatal.<br>\u201cNo voy a permitir que me utilicen para da\u00f1ar al movimiento al que pertenezco\u201d, dijo Rocha en un mensaje p\u00fablico.<br>&#8220;Tengo la conciencia tranquila, una vida de trabajo respalda mis palabaras, lo digo clara y contundentemente, son falsas y dolosas las acusaciones que se han vertido en mi contra&#8221;, agreg.<br>&#8220;A mi pueblo y a mi familia los puedo ver de frente porque no los he traicionado y nunca los traicionar\u00e9 y eso lo demostrar\u00e9 con firmeza en el momento en que las instituciones de justicia de nuestro pa\u00eds lo requieran&#8221;, se\u00f1al\u00f3 Rocha.<br>Puntualiz\u00f3 que demostrar\u00e1 su postura \u201ccon firmeza\u201d cuando as\u00ed lo requieran las autoridades, y subray\u00f3 que su prioridad es no afectar al proyecto pol\u00edtico del que forma parte.<\/p>\n","protected":false},"excerpt":{"rendered":"<p>Culiac\u00e1n, Sin.- En medio del esc\u00e1ndalo y de acusaciones de Estados Unidos por presunta participaci\u00f3n con el narcotr\u00e1fico, el gobernador de Sinaloa, Rub\u00e9n Rocha Moya, present\u00f3 ante el Congreso del Estado una solicitud de licencia temporal para separarse de su cargo.La solicitud de licencia fue turnada al Congreso del Estado, que deber\u00e1 analizar y, en [&hellip;]<\/p>\n","protected":false},"author":1,"featured_media":147320,"comment_status":"open","ping_status":"open","sticky":true,"template":"","format":"standard","meta":{"footnotes":""},"categories":[2,3,5],"tags":[],"_links":{"self":[{"href":"https:\/\/diariodigitalmx.com\/index.php\/wp-json\/wp\/v2\/posts\/147318"}],"collection":[{"href":"https:\/\/diariodigitalmx.com\/index.php\/wp-json\/wp\/v2\/posts"}],"about":[{"href":"https:\/\/diariodigitalmx.com\/index.php\/wp-json\/wp\/v2\/types\/post"}],"author":[{"embeddable":true,"href":"https:\/\/diariodigitalmx.com\/index.php\/wp-json\/wp\/v2\/users\/1"}],"replies":[{"embeddable":true,"href":"https:\/\/diariodigitalmx.com\/index.php\/wp-json\/wp\/v2\/comments?post=147318"}],"version-history":[{"count":1,"href":"https:\/\/diariodigitalmx.com\/index.php\/wp-json\/wp\/v2\/posts\/147318\/revisions"}],"predecessor-version":[{"id":147319,"href":"https:\/\/diariodigitalmx.com\/index.php\/wp-json\/wp\/v2\/posts\/147318\/revisions\/147319"}],"wp:featuredmedia":[{"embeddable":true,"href":"https:\/\/diariodigitalmx.com\/index.php\/wp-json\/wp\/v2\/media\/147320"}],"wp:attachment":[{"href":"https:\/\/diariodigitalmx.com\/index.php\/wp-json\/wp\/v2\/media?parent=147318"}],"wp:term":[{"taxonomy":"category","embeddable":true,"href":"https:\/\/diariodigitalmx.com\/index.php\/wp-json\/wp\/v2\/categories?post=147318"},{"taxonomy":"post_tag","embeddable":true,"href":"https:\/\/diariodigitalmx.com\/index.php\/wp-json\/wp\/v2\/tags?post=147318"}],"curies":[{"name":"wp","href":"https:\/\/api.w.org\/{rel}","templated":true}]}}