{"id":14864,"date":"2019-10-22T09:46:08","date_gmt":"2019-10-22T14:46:08","guid":{"rendered":"http:\/\/diariodigitalmx.com\/?p=14864"},"modified":"2019-10-22T09:46:32","modified_gmt":"2019-10-22T14:46:32","slug":"bolivia-al-borde-del-enfrentamiento","status":"publish","type":"post","link":"https:\/\/diariodigitalmx.com\/index.php\/2019\/10\/22\/bolivia-al-borde-del-enfrentamiento\/","title":{"rendered":"Bolivia al borde del enfrentamiento"},"content":{"rendered":"\n<p>Evo Morales, presidente de Bolivia desde enero de 2006, podr\u00eda seguir al frente del pa\u00eds andino hasta 2025 si se confirma su triunfo en primera vuelta de las elecciones del domingo, tal como anticip\u00f3 ayer, aunque por la m\u00ednima, el sistema de conteo r\u00e1pido llamado TREP o Transmisi\u00f3n de Resultados Electorales Preliminares, que qued\u00f3 interrumpido la madrugada de ayer, justo cuando anunciaba que tendr\u00eda que competir en segunda vuelta con el l\u00edder opositor, Carlos Mesa.<\/p>\n\n\n\n<p>Tras reanudarse el conteo, casi 20 horas despu\u00e9s, el TREP dio un vuelco y, con el 95.22 por ciento de los votos, anunciaba que no habr\u00eda segunda vuelta, puesto que la candidatura oficialista hab\u00eda logrado imponerse por m\u00e1s de 10 puntos de diferencia. En concreto, Morales habr\u00eda logrado el 46.86% de los votos, mientras que Mesa habr\u00eda conseguido el 36.73%.<\/p>\n\n\n\n<p><strong>NO RECONOCER\u00c1 RESULTADOS.<\/strong>&nbsp;De inmediato, Mesa asegur\u00f3 que no reconocer\u00e1 este resultado, mientras avanza con lentitud el c\u00f3mputo tradicional de los votos, con un 60 por ciento y un empate t\u00e9cnico, y anticip\u00f3 una \u201cresistencia democr\u00e1tica\u201d para exigir que se celebre una segunda vuelta.<\/p>\n\n\n\n<p>\u201cNosotros confiamos en que la ciudadan\u00eda no va a aceptar esta votaci\u00f3n, no va a aceptar este resultado que est\u00e1 totalmente tergiversado y ama\u00f1ado. Vamos a hacer una evaluaci\u00f3n, siempre en el \u00e1mbito democr\u00e1tico\u201d, dijo.<\/p>\n\n\n\n<figure class=\"wp-block-image\"><img loading=\"lazy\" decoding=\"async\" width=\"678\" height=\"452\" src=\"http:\/\/diariodigitalmx.com\/wp-content\/uploads\/2019\/10\/Bolivia1.jpg\" alt=\"\" class=\"wp-image-14867\" srcset=\"https:\/\/diariodigitalmx.com\/wp-content\/uploads\/2019\/10\/Bolivia1.jpg 678w, https:\/\/diariodigitalmx.com\/wp-content\/uploads\/2019\/10\/Bolivia1-300x200.jpg 300w\" sizes=\"(max-width: 678px) 100vw, 678px\" \/><\/figure>\n\n\n\n<p><strong>ENFRENTAMIENTOS.&nbsp;<\/strong>La sospecha de fraude masivo soliviant\u00f3 a los adeptos al candidato de Comunidad Ciudadana, que se enfrentaron con simpatizantes del oficialista Movimiento Al Socialismo (MAS) de Evo Morales este lunes en las puertas del hotel donde se realiza el c\u00f3mputo de actas en La Paz.<\/p>\n\n\n\n<p>Los incidentes se registraron afuera del hotel exRadisson donde los adeptos de Mesa se concentraron con banderas, ante las sospechas de fraude electoral y los simpatizantes de Morales tambi\u00e9n se acercaron para brindarle apoyo a su candidato.<\/p>\n\n\n\n<p>Algunas personas intentaron ingresar al hotel donde se realiza el c\u00f3mputo de actas de La Paz y la Polic\u00eda gasific\u00f3 a los protestantes, seg\u00fan inform\u00f3 el diario local&nbsp;<em>Los Tiempos<\/em>.<\/p>\n\n\n\n<p>Los miembros de ambos bandos est\u00e1n separados por una hilera de polic\u00edas que resguardan los amagues de enfrentamientos, aunque la tensi\u00f3n entre los simpatizantes augura disturbios en los pr\u00f3ximos d\u00edas, los cuales podr\u00edan extenderse, sobre todo a las regiones orientales del pa\u00eds, m\u00e1s proclives a un cambio.<\/p>\n\n\n\n<p>Los observadores de la OEA instaron al \u00f3rgano electoral a \u201cmantener informada a la ciudadan\u00eda\u201d sobre el proceso de resultados, para evitar las sospechas que llevaron la noche anterior a paralizar la transmisi\u00f3n del recuento provisional, cuando apuntaba a una segunda vuelta entre Mesa y Morales.<\/p>\n\n\n\n<p><strong>SALUDOS AL \u201cGRAN JEFE INDIO\u201d.&nbsp;<\/strong>Quien se apresur\u00f3 a felicitar a Evo Morales fue el n\u00famero dos del r\u00e9gimen chavista en Venezuela, Diosdado Cabello, quien asegur\u00f3 que su aliado obtuvo \u201cun resonante triunfo\u201d.<\/p>\n\n\n\n<p>\u201cQueremos desde aqu\u00ed saludar al pueblo de&nbsp;Bolivia, por el resonante triunfo del compa\u00f1ero, gran jefe indio, Evo Morales\u201d, dijo Cabello durante una rueda de prensa.<\/p>\n","protected":false},"excerpt":{"rendered":"<p>Evo Morales, presidente de Bolivia desde enero de 2006, podr\u00eda seguir al frente del pa\u00eds andino hasta 2025 si se confirma su triunfo en primera vuelta de las elecciones del domingo, tal como anticip\u00f3 ayer, aunque por la m\u00ednima, el sistema de conteo r\u00e1pido llamado TREP o Transmisi\u00f3n de Resultados Electorales Preliminares, que qued\u00f3 interrumpido [&hellip;]<\/p>\n","protected":false},"author":1,"featured_media":14865,"comment_status":"open","ping_status":"open","sticky":true,"template":"","format":"standard","meta":{"footnotes":""},"categories":[4,3],"tags":[],"_links":{"self":[{"href":"https:\/\/diariodigitalmx.com\/index.php\/wp-json\/wp\/v2\/posts\/14864"}],"collection":[{"href":"https:\/\/diariodigitalmx.com\/index.php\/wp-json\/wp\/v2\/posts"}],"about":[{"href":"https:\/\/diariodigitalmx.com\/index.php\/wp-json\/wp\/v2\/types\/post"}],"author":[{"embeddable":true,"href":"https:\/\/diariodigitalmx.com\/index.php\/wp-json\/wp\/v2\/users\/1"}],"replies":[{"embeddable":true,"href":"https:\/\/diariodigitalmx.com\/index.php\/wp-json\/wp\/v2\/comments?post=14864"}],"version-history":[{"count":2,"href":"https:\/\/diariodigitalmx.com\/index.php\/wp-json\/wp\/v2\/posts\/14864\/revisions"}],"predecessor-version":[{"id":14868,"href":"https:\/\/diariodigitalmx.com\/index.php\/wp-json\/wp\/v2\/posts\/14864\/revisions\/14868"}],"wp:featuredmedia":[{"embeddable":true,"href":"https:\/\/diariodigitalmx.com\/index.php\/wp-json\/wp\/v2\/media\/14865"}],"wp:attachment":[{"href":"https:\/\/diariodigitalmx.com\/index.php\/wp-json\/wp\/v2\/media?parent=14864"}],"wp:term":[{"taxonomy":"category","embeddable":true,"href":"https:\/\/diariodigitalmx.com\/index.php\/wp-json\/wp\/v2\/categories?post=14864"},{"taxonomy":"post_tag","embeddable":true,"href":"https:\/\/diariodigitalmx.com\/index.php\/wp-json\/wp\/v2\/tags?post=14864"}],"curies":[{"name":"wp","href":"https:\/\/api.w.org\/{rel}","templated":true}]}}