{"id":15104,"date":"2019-10-24T15:44:58","date_gmt":"2019-10-24T20:44:58","guid":{"rendered":"http:\/\/diariodigitalmx.com\/?p=15104"},"modified":"2019-10-24T15:47:44","modified_gmt":"2019-10-24T20:47:44","slug":"15104","status":"publish","type":"post","link":"https:\/\/diariodigitalmx.com\/index.php\/2019\/10\/24\/15104\/","title":{"rendered":"PRD tambi\u00e9n contra reforma en Ley de Salud y la Objeci\u00f3n de Conciencia"},"content":{"rendered":"\n<p>Pedro Garc\u00eda Trevi\u00f1o<\/p>\n\n\n\n<p>El comit\u00e9 ejecutivo nacional del PRD se sum\u00f3 al rechazo social contra las reformas en materia de Salud que faculta al personal m\u00e9dico de Nuevo Le\u00f3n negar la atenci\u00f3n a grupos vulnerables por una \u201cObjeci\u00f3n de Conciencia\u201d.<\/p>\n\n\n\n<p>El director de Diversidad Sexual del PRD, Antonio Medina consider\u00f3 segregacionista la reforma por lo que el partido pugna a favor del Veto del Gobierno del Estado.<\/p>\n\n\n\n<p>El estado de Nuevo Le\u00f3n no puede avalar reformas de Ley que agravien todav\u00eda m\u00e1s a los sectores sociales hist\u00f3ricamente discriminados, dijo.<\/p>\n\n\n\n<p>El vocero introdujo al Congreso local un oficio en que da la posici\u00f3n con respecto a las reformas de Salud y expresa: \u201cla Direcci\u00f3n Nacional de Diversidad Sexual del PRD asevera que no se puede permitir que la reforma aprobada por la LXXV Legislatura del Congreso de Nuevo Le\u00f3n sea la puerta de entrada para que los grupos antiderechos, fuertemente empoderados por la autodenominada Cuarta Transformaci\u00f3n, logren su cometido de anteponer sus prejuicios y creencias por encima del derecho a la no discriminaci\u00f3n y a la salud plasmados en nuestra Constituci\u00f3n Pol\u00edtica Federal\u201d.<\/p>\n\n\n\n<p>Para el PRD \u201canteponer ideolog\u00edas al ejercicio pleno del derecho a la salud responde a estrategias puestas en marcha por grupos ultraconservadores que han permeado en la conformaci\u00f3n de la LXXV Legislatura y que permanentemente se han negado a aceptar la progresividad de los derechos\u201d.<\/p>\n\n\n\n<p>En su oportunidad, el consejero nacional del PRD, An\u00edbal Garza cerr\u00f3 filas al pronunciamiento de su compa\u00f1ero de partido y censur\u00f3 la decisi\u00f3n del Poder Legislativo, a la vez, extern\u00f3 su esperanza de que el gobierno estatal imponga el Veto a la reforma.<\/p>\n\n\n\n<p>A su vez, Dan Santos coment\u00f3 que la postura del Congreso es decepcionante y m\u00e1s en casos particulares como el diputado Luis Donaldo Colosio en donde se advierte la intenci\u00f3n de congraciarse con determinados sectores con miras a su proyecci\u00f3n pol\u00edtica.<\/p>\n\n\n\n<p>El diputado Colosio es una decepci\u00f3n, puntualiz\u00f3 Dan Santos al se\u00f1alar que el legislador traiciona ya que se ostenta como aliado de las libertades y los derechos, pero, a la luz de los hechos, parece importarle m\u00e1s su futuro pol\u00edtico que las convicciones.<\/p>\n","protected":false},"excerpt":{"rendered":"<p>Pedro Garc\u00eda Trevi\u00f1o El comit\u00e9 ejecutivo nacional del PRD se sum\u00f3 al rechazo social contra las reformas en materia de Salud que faculta al personal m\u00e9dico de Nuevo Le\u00f3n negar la atenci\u00f3n a grupos vulnerables por una \u201cObjeci\u00f3n de Conciencia\u201d. El director de Diversidad Sexual del PRD, Antonio Medina consider\u00f3 segregacionista la reforma por lo [&hellip;]<\/p>\n","protected":false},"author":1,"featured_media":15107,"comment_status":"open","ping_status":"open","sticky":false,"template":"","format":"standard","meta":{"footnotes":""},"categories":[6],"tags":[],"_links":{"self":[{"href":"https:\/\/diariodigitalmx.com\/index.php\/wp-json\/wp\/v2\/posts\/15104"}],"collection":[{"href":"https:\/\/diariodigitalmx.com\/index.php\/wp-json\/wp\/v2\/posts"}],"about":[{"href":"https:\/\/diariodigitalmx.com\/index.php\/wp-json\/wp\/v2\/types\/post"}],"author":[{"embeddable":true,"href":"https:\/\/diariodigitalmx.com\/index.php\/wp-json\/wp\/v2\/users\/1"}],"replies":[{"embeddable":true,"href":"https:\/\/diariodigitalmx.com\/index.php\/wp-json\/wp\/v2\/comments?post=15104"}],"version-history":[{"count":3,"href":"https:\/\/diariodigitalmx.com\/index.php\/wp-json\/wp\/v2\/posts\/15104\/revisions"}],"predecessor-version":[{"id":15109,"href":"https:\/\/diariodigitalmx.com\/index.php\/wp-json\/wp\/v2\/posts\/15104\/revisions\/15109"}],"wp:featuredmedia":[{"embeddable":true,"href":"https:\/\/diariodigitalmx.com\/index.php\/wp-json\/wp\/v2\/media\/15107"}],"wp:attachment":[{"href":"https:\/\/diariodigitalmx.com\/index.php\/wp-json\/wp\/v2\/media?parent=15104"}],"wp:term":[{"taxonomy":"category","embeddable":true,"href":"https:\/\/diariodigitalmx.com\/index.php\/wp-json\/wp\/v2\/categories?post=15104"},{"taxonomy":"post_tag","embeddable":true,"href":"https:\/\/diariodigitalmx.com\/index.php\/wp-json\/wp\/v2\/tags?post=15104"}],"curies":[{"name":"wp","href":"https:\/\/api.w.org\/{rel}","templated":true}]}}