{"id":1516,"date":"2019-03-25T10:22:41","date_gmt":"2019-03-25T16:22:41","guid":{"rendered":"http:\/\/diariodigitalmx.com\/?p=1516"},"modified":"2019-03-25T10:22:42","modified_gmt":"2019-03-25T16:22:42","slug":"firme-mikal-monreal-en-el-liderato-femenil-del-gp-de-carreras-de-ruta","status":"publish","type":"post","link":"https:\/\/diariodigitalmx.com\/index.php\/2019\/03\/25\/firme-mikal-monreal-en-el-liderato-femenil-del-gp-de-carreras-de-ruta\/","title":{"rendered":"Firme Mikal Monreal  en el liderato femenil  del GP de carreras de ruta"},"content":{"rendered":"\n<p><strong>-Conquista en forma consecutiva\nla 3\u00aa., del serial estatal 2019 celebrado este domingo dentro del marco del 10K\nImagen celebrado en las inmediaciones de&nbsp;\nValle Oriente.<\/strong><\/p>\n\n\n\n<ul class=\"wp-block-gallery columns-3 is-cropped wp-block-gallery-1 is-layout-flex wp-block-gallery-is-layout-flex\"><li class=\"blocks-gallery-item\"><figure><img loading=\"lazy\" decoding=\"async\" width=\"1024\" height=\"682\" src=\"http:\/\/diariodigitalmx.com\/wp-content\/uploads\/2019\/03\/thumbnail_CIRCUITO-PANORAMICO-DE-VALLE-ORIENTE-1024x682.jpg\" alt=\"\" data-id=\"1518\" data-link=\"http:\/\/diariodigitalmx.com\/?attachment_id=1518\" class=\"wp-image-1518\" srcset=\"https:\/\/diariodigitalmx.com\/wp-content\/uploads\/2019\/03\/thumbnail_CIRCUITO-PANORAMICO-DE-VALLE-ORIENTE-1024x682.jpg 1024w, https:\/\/diariodigitalmx.com\/wp-content\/uploads\/2019\/03\/thumbnail_CIRCUITO-PANORAMICO-DE-VALLE-ORIENTE-300x200.jpg 300w, https:\/\/diariodigitalmx.com\/wp-content\/uploads\/2019\/03\/thumbnail_CIRCUITO-PANORAMICO-DE-VALLE-ORIENTE-768x512.jpg 768w, https:\/\/diariodigitalmx.com\/wp-content\/uploads\/2019\/03\/thumbnail_CIRCUITO-PANORAMICO-DE-VALLE-ORIENTE.jpg 1280w\" sizes=\"(max-width: 1024px) 100vw, 1024px\" \/><\/figure><\/li><li class=\"blocks-gallery-item\"><figure><img loading=\"lazy\" decoding=\"async\" width=\"682\" height=\"1024\" src=\"http:\/\/diariodigitalmx.com\/wp-content\/uploads\/2019\/03\/thumbnail_ERICK-ZERME\u00d1O-GANADOR-5K-682x1024.jpg\" alt=\"\" data-id=\"1519\" data-link=\"http:\/\/diariodigitalmx.com\/?attachment_id=1519\" class=\"wp-image-1519\" srcset=\"https:\/\/diariodigitalmx.com\/wp-content\/uploads\/2019\/03\/thumbnail_ERICK-ZERME\u00d1O-GANADOR-5K-682x1024.jpg 682w, https:\/\/diariodigitalmx.com\/wp-content\/uploads\/2019\/03\/thumbnail_ERICK-ZERME\u00d1O-GANADOR-5K-200x300.jpg 200w, https:\/\/diariodigitalmx.com\/wp-content\/uploads\/2019\/03\/thumbnail_ERICK-ZERME\u00d1O-GANADOR-5K-768x1152.jpg 768w, https:\/\/diariodigitalmx.com\/wp-content\/uploads\/2019\/03\/thumbnail_ERICK-ZERME\u00d1O-GANADOR-5K.jpg 853w\" sizes=\"(max-width: 682px) 100vw, 682px\" \/><\/figure><\/li><li class=\"blocks-gallery-item\"><figure><img loading=\"lazy\" decoding=\"async\" width=\"682\" height=\"1024\" src=\"http:\/\/diariodigitalmx.com\/wp-content\/uploads\/2019\/03\/thumbnail_IRENE-OVALLE-esposa-Alcalde-de-San-PEDRO-ganadora-5K-682x1024.jpg\" alt=\"\" data-id=\"1520\" data-link=\"http:\/\/diariodigitalmx.com\/?attachment_id=1520\" class=\"wp-image-1520\" srcset=\"https:\/\/diariodigitalmx.com\/wp-content\/uploads\/2019\/03\/thumbnail_IRENE-OVALLE-esposa-Alcalde-de-San-PEDRO-ganadora-5K-682x1024.jpg 682w, https:\/\/diariodigitalmx.com\/wp-content\/uploads\/2019\/03\/thumbnail_IRENE-OVALLE-esposa-Alcalde-de-San-PEDRO-ganadora-5K-200x300.jpg 200w, https:\/\/diariodigitalmx.com\/wp-content\/uploads\/2019\/03\/thumbnail_IRENE-OVALLE-esposa-Alcalde-de-San-PEDRO-ganadora-5K-768x1152.jpg 768w, https:\/\/diariodigitalmx.com\/wp-content\/uploads\/2019\/03\/thumbnail_IRENE-OVALLE-esposa-Alcalde-de-San-PEDRO-ganadora-5K.jpg 853w\" sizes=\"(max-width: 682px) 100vw, 682px\" \/><\/figure><\/li><li class=\"blocks-gallery-item\"><figure><img loading=\"lazy\" decoding=\"async\" width=\"682\" height=\"1024\" src=\"http:\/\/diariodigitalmx.com\/wp-content\/uploads\/2019\/03\/thumbnail_MIKAL-MONREAL-GANADORA-10K-FEMENIL-682x1024.jpg\" alt=\"\" data-id=\"1521\" data-link=\"http:\/\/diariodigitalmx.com\/?attachment_id=1521\" class=\"wp-image-1521\" srcset=\"https:\/\/diariodigitalmx.com\/wp-content\/uploads\/2019\/03\/thumbnail_MIKAL-MONREAL-GANADORA-10K-FEMENIL-682x1024.jpg 682w, https:\/\/diariodigitalmx.com\/wp-content\/uploads\/2019\/03\/thumbnail_MIKAL-MONREAL-GANADORA-10K-FEMENIL-200x300.jpg 200w, https:\/\/diariodigitalmx.com\/wp-content\/uploads\/2019\/03\/thumbnail_MIKAL-MONREAL-GANADORA-10K-FEMENIL-768x1152.jpg 768w, https:\/\/diariodigitalmx.com\/wp-content\/uploads\/2019\/03\/thumbnail_MIKAL-MONREAL-GANADORA-10K-FEMENIL.jpg 853w\" sizes=\"(max-width: 682px) 100vw, 682px\" \/><\/figure><\/li><\/ul>\n\n\n\n<p>Por: Ra\u00fal Emigdio Guevara Ortiz.- Por tercera ocasi\u00f3n consecutiva\ndesde el inicio del Calendario 2019 del Gran Premio Nuevo Le\u00f3n de Carreras de\nRuta, la regiomontana Mikal Monreal Hern\u00e1ndez conquist\u00f3 el primer lugar de la\nrama femenil al proclamarse como la ganadora absoluta de la 19\u00aa. Edici\u00f3n&nbsp; 10K Imagen&nbsp;\ncelebrada este domingo&nbsp; dentro del\ncircuito Valle Oriente, en el municipio de San Pedro Garza Garc\u00eda Nuevo Le\u00f3n.<\/p>\n\n\n\n<p>Con tiempo de 39:00 y con poco m\u00e1s de 10 metros de distancia de su m\u00e1s\ncercana perseguidora,&nbsp; Yeini Santacruz\nG\u00f3mez (39:44) y una distancia un poco mayor a Perla Janeth Requenez&nbsp; Esquivel (40:50) con quienes pele\u00f3 palmo a\npalmo durante toda la carrera, &nbsp;Monreal\nHern\u00e1ndez mantuvo la jerarqu\u00eda&nbsp; impuesta desde&nbsp; las carreras&nbsp;\n10K Coyotes, el 10K Duendes y ahora en el 10K Imagen y sigue sumando\npuntos dentro de este serial organizado por la Asociaci\u00f3n de Atletismo de Nuevo\nLe\u00f3n.<\/p>\n\n\n\n<p>Durante el evento celebrado la ma\u00f1ana de este domingo dentro del marco de\nla 19\u00aa. Edici\u00f3n del 5 y 10K Imagen que alberg\u00f3 a poco m\u00e1s de 2 mil corredores\nen ambas distancias cont\u00f3 con la presencia del Alcalde del municipio de San\nPedro Garza Garc\u00eda, Miguel&nbsp; Trevi\u00f1o de\nHoyos a quien adem\u00e1s de ser participante de la carrera en la distancia de los\n10 mil metros, vivi\u00f3 de cerca el desarrollo de la competencia.<\/p>\n\n\n\n<p>Por su parte el venezolano Walter Enrique Su\u00e1rez Williams con marca de\n32:21 se adjudic\u00f3 el primer sitio de la rama varonil, dejando atr\u00e1s en la recta\nfinal &nbsp;al regiomontano Jorge Alberto\nHern\u00e1ndez Medina (32:41) y en el tercer sitio a&nbsp;\nJes\u00fas Capula Torres (33:59).<\/p>\n\n\n\n<p>Mientras que en la prueba de&nbsp; 5K\nImagen-Isuzu 2019, Erick Osiris Zerme\u00f1o Morales (16:37) se coloc\u00f3 como el mejor\nde la rama varonil, superando por poco margen a Ismael Le\u00f3n Guerrero (16:42) y\na Jos\u00e9 Luis M\u00e9ndez Ram\u00edrez (17:14) ganadores de del 2\u00b0 y 3er., lugar\nrespectivamente.<\/p>\n\n\n\n<p>En la rama femenil Irene Ovalle Araiza&nbsp;\nde la categor\u00eda de&nbsp; 40-49 a\u00f1os,\nesposa del Alcalde Miguel Trevi\u00f1o De Hoyos &nbsp;se coloc\u00f3 como la primer lugar general del 5K&nbsp; con tiempo de 21:14, seguida de Dora Elia\nAlvarado Pinales (21:17) y de Yessica&nbsp;\nVel\u00e1zquez Andrade (21.48).<\/p>\n\n\n\n<p><strong>GANADORES DEL 10K POR CATEGOR\u00cdAS Y\nRAMAS<\/strong><\/p>\n\n\n\n<table class=\"wp-block-table\"><tbody><tr><td>\n  <strong>CATEGOR\u00cdA<\/strong>\n  <\/td><td>\n  <strong>NOMBRE<\/strong>\n  <\/td><td>\n  <strong>DISTANCIA<\/strong>\n  <\/td><td>\n  <strong>TIEMPO<\/strong>\n  <\/td><\/tr><tr><td>\n  15-19 varonil\n  <\/td><td>\n  Daniel Alejandro Quintero Ibarra\n  <\/td><td>\n  10K\n  <\/td><td>\n  35:01\n  <\/td><\/tr><tr><td>\n  20-39\n  <\/td><td>\n  Walter Enrique Su\u00e1rez Torres\n  <\/td><td>\n  10K\n  <\/td><td>\n  32:21\n  <\/td><\/tr><tr><td>\n  40-49\n  <\/td><td>\n  Jes\u00fas Capula Torres\n  <\/td><td>\n  10K\n  <\/td><td>\n  33:59\n  <\/td><\/tr><tr><td>\n  50-59\n  <\/td><td>\n  Jaime Varela Bocanegra\n  <\/td><td>\n  10K\n  <\/td><td>\n  37:11\n  <\/td><\/tr><tr><td>\n  60 y +\n  <\/td><td>\n  Juan Antonio P\u00e9rez Zavala\n  <\/td><td>\n  10K\n  <\/td><td>\n  40:20\n  <\/td><\/tr><tr><td>\n  15-19 femenil\n  <\/td><td>\n  Erika Itzel Rodr\u00edguez Leal\n  <\/td><td>\n  10K\n  <\/td><td>\n  43:05\n  <\/td><\/tr><tr><td>\n  20-39\n  <\/td><td>\n  Mikal Monreal Hern\u00e1ndez\n  <\/td><td>\n  10K\n  <\/td><td>\n  39:00\n  <\/td><\/tr><tr><td>\n  40-49\n  <\/td><td>\n  Sara Sandra Ch\u00e1vez Ch\u00e1vez\n  <\/td><td>\n  10K\n  <\/td><td>\n  44:02\n  <\/td><\/tr><tr><td>\n  50-59\n  <\/td><td>\n  Marcela Campo Filizola\n  <\/td><td>\n  10K\n  <\/td><td>\n  42:52\n  <\/td><\/tr><tr><td>\n  60 Y +\n  <\/td><td>\n  Alejandrina Flores Ponce\n  <\/td><td>\n  10K\n  <\/td><td>\n  1:02:49\n  <\/td><\/tr><\/tbody><\/table>\n\n\n\n<p><strong>GANADORES DEL 5K POR CATEGOR\u00cdAS Y\nRAMAS<\/strong><\/p>\n\n\n\n<table class=\"wp-block-table\"><tbody><tr><td>\n  <strong>CATEGOR\u00cdA<\/strong>\n  <\/td><td>\n  <strong>NOMBRE<\/strong>\n  <\/td><td>\n  <strong>DISTANCIA<\/strong>\n  <\/td><td>\n  <strong>TIEMPO<\/strong>\n  <\/td><\/tr><tr><td>\n  10-14 varonil\n  <\/td><td>\n  Luis \u00c1lvaro Castillo Torres\n  <\/td><td>\n  5K\n  <\/td><td>\n  21:10\n  <\/td><\/tr><tr><td>\n  15-19\n  <\/td><td>\n  Josu\u00e9&nbsp; M\u00e9ndez Espinosa \n  <\/td><td>\n  5K\n  <\/td><td>\n  17:25\n  <\/td><\/tr><tr><td>\n  20-39\n  <\/td><td>\n  Erick Osiris Zerme\u00f1o Morales\n  <\/td><td>\n  5K\n  <\/td><td>\n  16:37\n  <\/td><\/tr><tr><td>\n  40-49\n  <\/td><td>\n  Ismael Le\u00f3n Guerrero\n  <\/td><td>\n  5K\n  <\/td><td>\n  16:42\n  <\/td><\/tr><tr><td>\n  50-59\n  <\/td><td>\n  Sabas Rodr\u00edguez Saavedra\n  <\/td><td>\n  5K\n  <\/td><td>\n  17:58\n  <\/td><\/tr><tr><td>\n  60 y +\n  <\/td><td>\n  V\u00e9rulo&nbsp; Puente V\u00e1zquez\n  <\/td><td>\n  5K\n  <\/td><td>\n  21:27\n  <\/td><\/tr><tr><td>\n  10-14 femenil\n  <\/td><td>\n  Dibhany Collazo Paz\n  <\/td><td>\n  5K\n  <\/td><td>\n  23:23\n  <\/td><\/tr><tr><td>\n  15-19\n  <\/td><td>\n  Yessica Vel\u00e1zquez Andrade\n  <\/td><td>\n  5K\n  <\/td><td>\n  21:48\n  <\/td><\/tr><tr><td>\n  20-39\n  <\/td><td>\n  Dora Elia Alvarado Pinalez\n  <\/td><td>\n  5K\n  <\/td><td>\n  21:17\n  <\/td><\/tr><tr><td>\n  40-49\n  <\/td><td>\n  Irene Ovalle Araiza\n  <\/td><td>\n  5K\n  <\/td><td>\n  21:14\n  <\/td><\/tr><tr><td>\n  50-59\n  <\/td><td>\n  Patricia Presas Rodr\u00edguez\n  <\/td><td>\n  5K\n  <\/td><td>\n  22:36\n  <\/td><\/tr><tr><td>\n  60 Y +\n  <\/td><td>\n  Yolanda Leal Santana\n  <\/td><td>\n  5K\n  <\/td><td>\n  40:17\n  <\/td><\/tr><\/tbody><\/table>\n","protected":false},"excerpt":{"rendered":"<p>-Conquista en forma consecutiva la 3\u00aa., del serial estatal 2019 celebrado este domingo dentro del marco del 10K Imagen celebrado en las inmediaciones de&nbsp; Valle Oriente. Por: Ra\u00fal Emigdio Guevara Ortiz.- Por tercera ocasi\u00f3n consecutiva desde el inicio del Calendario 2019 del Gran Premio Nuevo Le\u00f3n de Carreras de Ruta, la regiomontana Mikal Monreal Hern\u00e1ndez [&hellip;]<\/p>\n","protected":false},"author":1,"featured_media":1517,"comment_status":"open","ping_status":"open","sticky":true,"template":"","format":"standard","meta":{"footnotes":""},"categories":[8],"tags":[],"_links":{"self":[{"href":"https:\/\/diariodigitalmx.com\/index.php\/wp-json\/wp\/v2\/posts\/1516"}],"collection":[{"href":"https:\/\/diariodigitalmx.com\/index.php\/wp-json\/wp\/v2\/posts"}],"about":[{"href":"https:\/\/diariodigitalmx.com\/index.php\/wp-json\/wp\/v2\/types\/post"}],"author":[{"embeddable":true,"href":"https:\/\/diariodigitalmx.com\/index.php\/wp-json\/wp\/v2\/users\/1"}],"replies":[{"embeddable":true,"href":"https:\/\/diariodigitalmx.com\/index.php\/wp-json\/wp\/v2\/comments?post=1516"}],"version-history":[{"count":1,"href":"https:\/\/diariodigitalmx.com\/index.php\/wp-json\/wp\/v2\/posts\/1516\/revisions"}],"predecessor-version":[{"id":1522,"href":"https:\/\/diariodigitalmx.com\/index.php\/wp-json\/wp\/v2\/posts\/1516\/revisions\/1522"}],"wp:featuredmedia":[{"embeddable":true,"href":"https:\/\/diariodigitalmx.com\/index.php\/wp-json\/wp\/v2\/media\/1517"}],"wp:attachment":[{"href":"https:\/\/diariodigitalmx.com\/index.php\/wp-json\/wp\/v2\/media?parent=1516"}],"wp:term":[{"taxonomy":"category","embeddable":true,"href":"https:\/\/diariodigitalmx.com\/index.php\/wp-json\/wp\/v2\/categories?post=1516"},{"taxonomy":"post_tag","embeddable":true,"href":"https:\/\/diariodigitalmx.com\/index.php\/wp-json\/wp\/v2\/tags?post=1516"}],"curies":[{"name":"wp","href":"https:\/\/api.w.org\/{rel}","templated":true}]}}