{"id":152,"date":"2019-01-21T15:54:16","date_gmt":"2019-01-21T21:54:16","guid":{"rendered":"http:\/\/diariodigitalmx.com\/?p=152"},"modified":"2019-01-21T15:55:07","modified_gmt":"2019-01-21T21:55:07","slug":"los-echan-de-palacio-los-encarcelan-ponen-vallas-y-ahora-protestan-en-la-plaza","status":"publish","type":"post","link":"https:\/\/diariodigitalmx.com\/index.php\/2019\/01\/21\/los-echan-de-palacio-los-encarcelan-ponen-vallas-y-ahora-protestan-en-la-plaza\/","title":{"rendered":"Los echan de Palacio, los encarcelan, ponen vallas y ahora protestan en la plaza"},"content":{"rendered":"\n<p><\/p>\n\n\n\n<p><strong><em>David Casas<\/em><\/strong><br><\/p>\n\n\n\n<p>El Palacio de Gobierno de Nuevo Le\u00f3n fue cerrado al p\u00fablico con vallas tras de que desalojaron y encarcelaron \u00a0a un grupo que protest\u00f3 durante quince d\u00edas en el interior en contra del alza de tarifas de transporte urbano.<br><\/p>\n\n\n\n<p>Para el Secretario de Seguridad estatal, Aldo Fasci, las vallas se colocaron &nbsp;como medida de seguridad ante los ataques a la polic\u00eda  Fuerza Civil la semana pasada. <br><br>Segun el funcionario las estructuras colocadas no son derivadas del desalojo de manifestantes de \u00danete Pueblo, pues, dice, solamente coincidi\u00f3 con la medida.<br><\/p>\n\n\n\n<p>Durante la madrugada del domingo, siete militante de \u00danete Pueblo que pernoctaban junto a la oficina del gobernador Jaime Rodr\u00edguez, fueron levantados por polic\u00edas y llevados a una delegaci\u00f3n de polic\u00eda para despu\u00e9s colocar las vallas e impedir la entrada al Palacio de Gobierno.<br><\/p>\n\n\n\n<p>La dirigente Roc\u00edo Montalvo acudi\u00f3 al filo de las 5:00 horas a preguntar por sus compa\u00f1eros pero no le dieron informaci\u00f3n ni le dejaron entrar al inmueble para despu\u00e9s ser detenida.<br><\/p>\n\n\n\n<p>Horas m\u00e1s tarde tras pagar una multa de 1600 pesos cada uno fueron puestos en libertad y despu\u00e9s de que juntaron el dinero mediante un boteo frente a la delegaci\u00f3n policiaca.<br><\/p>\n\n\n\n<p>\u201cComo &nbsp;todos saben &nbsp;despu\u00e9s  de 15 d\u00edas en plant\u00f3n afuera de oficina &nbsp;de gobernador,  el d\u00eda de ayer fuimos  desalojados hemos decido no dar marcha atr\u00e1s y continuar &nbsp;con  planton contra tarifazo\u201d, inform\u00f3 Montalvo que ahora se ha colocado con su gente en la Gran Plaza frente a palacio y en d\u00f3nde grupos de polic\u00edas custodian. &nbsp;<br><br><\/p>\n\n\n\n<p>Ahora por medio de redes sociales solicitaron a la comunidad apoyo para seguir con la protesta de resistencia civil organizada contra la amenaza de aumentar las tarifas del transporte p\u00fablico.<br><\/p>\n\n\n\n<p>Entre los apoyos que han empezado a recibir de gente diversa y que solicitaron destacan catres, tarimas para el piso, una carpa grande, una planta de luz, colchonetas, &nbsp;cobijas, mesa y sillas plegables entre otras cosas.<br><\/p>\n\n\n\n<p>Las vallas met\u00e1licas est\u00e1n colocadas en la Explanada de los H\u00e9roes, por donde no se puede entrar al Palacio, pero por la calle 5 de Mayo, donde tambi\u00e9n hay entrada no est\u00e1n instaladas las estructuras de seguridad.<br><br>&#8220;Se han dado instrucciones porque tenemos informaci\u00f3n muy clara de que van a continuar los ataques (contra Fuerza Civil)&#8221;, dijo Fasci.<br><br>&#8220;Y pues hemos dado la orden de restringir y tomar precauciones en instalaciones de seguridad, entre ellas Palacio&#8221;.<br><br>Sobre el desalojo de los integrantes de &nbsp;&nbsp;\u00danete Pueblo acus\u00f3 que tra\u00edan  objetos prohibidos &nbsp;por la ley y por alterar el orden.<br><br><\/p>\n\n\n\n<p>El incremento en las tarifas camioneras podr\u00eda darse en los siguientes d\u00edas y es inminente, seg\u00fan el gobernador Rodr\u00edguez Calder\u00f3n.<br><\/p>\n","protected":false},"excerpt":{"rendered":"<p>David Casas El Palacio de Gobierno de Nuevo Le\u00f3n fue cerrado al p\u00fablico con vallas tras de que desalojaron y encarcelaron \u00a0a un grupo que protest\u00f3 durante quince d\u00edas en el interior en contra del alza de tarifas de transporte urbano. Para el Secretario de Seguridad estatal, Aldo Fasci, las vallas se colocaron &nbsp;como medida [&hellip;]<\/p>\n","protected":false},"author":1,"featured_media":153,"comment_status":"open","ping_status":"open","sticky":true,"template":"","format":"standard","meta":{"footnotes":""},"categories":[1],"tags":[],"_links":{"self":[{"href":"https:\/\/diariodigitalmx.com\/index.php\/wp-json\/wp\/v2\/posts\/152"}],"collection":[{"href":"https:\/\/diariodigitalmx.com\/index.php\/wp-json\/wp\/v2\/posts"}],"about":[{"href":"https:\/\/diariodigitalmx.com\/index.php\/wp-json\/wp\/v2\/types\/post"}],"author":[{"embeddable":true,"href":"https:\/\/diariodigitalmx.com\/index.php\/wp-json\/wp\/v2\/users\/1"}],"replies":[{"embeddable":true,"href":"https:\/\/diariodigitalmx.com\/index.php\/wp-json\/wp\/v2\/comments?post=152"}],"version-history":[{"count":1,"href":"https:\/\/diariodigitalmx.com\/index.php\/wp-json\/wp\/v2\/posts\/152\/revisions"}],"predecessor-version":[{"id":154,"href":"https:\/\/diariodigitalmx.com\/index.php\/wp-json\/wp\/v2\/posts\/152\/revisions\/154"}],"wp:featuredmedia":[{"embeddable":true,"href":"https:\/\/diariodigitalmx.com\/index.php\/wp-json\/wp\/v2\/media\/153"}],"wp:attachment":[{"href":"https:\/\/diariodigitalmx.com\/index.php\/wp-json\/wp\/v2\/media?parent=152"}],"wp:term":[{"taxonomy":"category","embeddable":true,"href":"https:\/\/diariodigitalmx.com\/index.php\/wp-json\/wp\/v2\/categories?post=152"},{"taxonomy":"post_tag","embeddable":true,"href":"https:\/\/diariodigitalmx.com\/index.php\/wp-json\/wp\/v2\/tags?post=152"}],"curies":[{"name":"wp","href":"https:\/\/api.w.org\/{rel}","templated":true}]}}