{"id":1534,"date":"2019-03-25T10:41:28","date_gmt":"2019-03-25T16:41:28","guid":{"rendered":"http:\/\/diariodigitalmx.com\/?p=1534"},"modified":"2019-03-25T10:41:29","modified_gmt":"2019-03-25T16:41:29","slug":"declaran-un-frente-comun-en-defensa-de-picachos","status":"publish","type":"post","link":"https:\/\/diariodigitalmx.com\/index.php\/2019\/03\/25\/declaran-un-frente-comun-en-defensa-de-picachos\/","title":{"rendered":"Declaran un \u201cfrente com\u00fan\u201d en defensa de Picachos"},"content":{"rendered":"\n<p><strong>e<\/strong>Pedro Garc\u00eda Trevi\u00f1o<\/p>\n\n\n\n<figure class=\"wp-block-image\"><img loading=\"lazy\" decoding=\"async\" width=\"1024\" height=\"682\" src=\"http:\/\/diariodigitalmx.com\/wp-content\/uploads\/2019\/03\/p\u00edcachos-4-1024x682.jpg\" alt=\"\" class=\"wp-image-1536\" srcset=\"https:\/\/diariodigitalmx.com\/wp-content\/uploads\/2019\/03\/p\u00edcachos-4.jpg 1024w, https:\/\/diariodigitalmx.com\/wp-content\/uploads\/2019\/03\/p\u00edcachos-4-300x200.jpg 300w, https:\/\/diariodigitalmx.com\/wp-content\/uploads\/2019\/03\/p\u00edcachos-4-768x512.jpg 768w\" sizes=\"(max-width: 1024px) 100vw, 1024px\" \/><\/figure>\n\n\n\n<figure class=\"wp-block-image\"><img loading=\"lazy\" decoding=\"async\" width=\"1024\" height=\"682\" src=\"http:\/\/diariodigitalmx.com\/wp-content\/uploads\/2019\/03\/picachos-5-1024x682.jpg\" alt=\"\" class=\"wp-image-1537\" srcset=\"https:\/\/diariodigitalmx.com\/wp-content\/uploads\/2019\/03\/picachos-5.jpg 1024w, https:\/\/diariodigitalmx.com\/wp-content\/uploads\/2019\/03\/picachos-5-300x200.jpg 300w, https:\/\/diariodigitalmx.com\/wp-content\/uploads\/2019\/03\/picachos-5-768x512.jpg 768w\" sizes=\"(max-width: 1024px) 100vw, 1024px\" \/><\/figure>\n\n\n\n<figure class=\"wp-block-image\"><img loading=\"lazy\" decoding=\"async\" width=\"1024\" height=\"768\" src=\"http:\/\/diariodigitalmx.com\/wp-content\/uploads\/2019\/03\/picachos-1024x768.jpg\" alt=\"\" class=\"wp-image-1538\" srcset=\"https:\/\/diariodigitalmx.com\/wp-content\/uploads\/2019\/03\/picachos-1024x768.jpg 1024w, https:\/\/diariodigitalmx.com\/wp-content\/uploads\/2019\/03\/picachos-300x225.jpg 300w, https:\/\/diariodigitalmx.com\/wp-content\/uploads\/2019\/03\/picachos-768x576.jpg 768w, https:\/\/diariodigitalmx.com\/wp-content\/uploads\/2019\/03\/picachos.jpg 1400w\" sizes=\"(max-width: 1024px) 100vw, 1024px\" \/><\/figure>\n\n\n\n<figure class=\"wp-block-image\"><img loading=\"lazy\" decoding=\"async\" width=\"1024\" height=\"768\" src=\"http:\/\/diariodigitalmx.com\/wp-content\/uploads\/2019\/03\/picachos3-1024x768.jpg\" alt=\"\" class=\"wp-image-1539\" srcset=\"https:\/\/diariodigitalmx.com\/wp-content\/uploads\/2019\/03\/picachos3-1024x768.jpg 1024w, https:\/\/diariodigitalmx.com\/wp-content\/uploads\/2019\/03\/picachos3-300x225.jpg 300w, https:\/\/diariodigitalmx.com\/wp-content\/uploads\/2019\/03\/picachos3-768x576.jpg 768w, https:\/\/diariodigitalmx.com\/wp-content\/uploads\/2019\/03\/picachos3.jpg 1400w\" sizes=\"(max-width: 1024px) 100vw, 1024px\" \/><\/figure>\n\n\n\n<p>En una postura coincidente, a favor de proteger \u2013de una vez por todas- el rico ecosistema de la sierra Picachos, legisladores federales, locales y autoridades municipales se declararon en un \u201cfrente com\u00fan\u201d para garantizar la intocabilidad de la exuberante monta\u00f1a de m\u00faltiples servicios a la salud ambiental de la regi\u00f3n y de la zona metropolitana de Monterrey, casi asfixiada por la contaminaci\u00f3n. Y m\u00e1s claro y contundente no pudo ser el senador V\u00edctor Fuentes Sol\u00eds cuando ante comuneros y periodistas dijo: \u201cAqu\u00ed no se va a construir ninguna pedrera\u201d.<\/p>\n\n\n\n<p>La cuesti\u00f3n es que los pobladores de varios municipios temen que, en cualquier momento, alguna autoridad ambiental, lo cual ser\u00eda el colmo, otorgara a una poderosa pedrera el permiso para \u201cpelar\u201d y comenzar a horadar Picachos. Presente en el encuentro, la alcaldesa de Doctor Gonz\u00e1lez, Mayra \u00c1brego Montemayor, ratific\u00f3 que, en lo concerniente a su gobierno, nunca va dar permiso de Uso de Suelo para que se da\u00f1e la riqueza natural de la regi\u00f3n.<\/p>\n\n\n\n<p>A pregunta expresa de un periodista sobre las presiones que ejerce la pedrera Matrimar, poderosa en recursos financieros, vivamente interesada en la sierra, el senador Fuentes Sol\u00eds contest\u00f3: \u201csobre los intereses econ\u00f3micos, est\u00e1 el inter\u00e9s p\u00fablico.\u201d<\/p>\n\n\n\n<p>El representante popular fue informado de la entrada, en el pasado reciente, de la pedrera a la monta\u00f1a y \u201cpel\u00f3\u201d un \u00e1rea pero fue frenada antes de que arrasara con toda la vegetaci\u00f3n y la afectaci\u00f3n a la fauna.<\/p>\n\n\n\n<p>El senador aclar\u00f3 que no se est\u00e1 en contra de las actividades econ\u00f3micas, de las empresas, del desarrollo de las ciudades, pero aclar\u00f3 que se deben explotar los materiales de construcci\u00f3n donde se provoque el menor impacto ambiental y remediarlo con un impuesto, como ya existe en 7 estados por la extracci\u00f3n de minerales.<\/p>\n\n\n\n<p>Alfonso J. Barrag\u00e1n Trevi\u00f1o, presidente de la Asociaci\u00f3n Ecol\u00f3gica de la Sierra de Picachos, estuvo atento en todo momento a las exposiciones de los representantes populares.<\/p>\n\n\n\n<p>Coment\u00f3 que la posici\u00f3n de los legisladores y la alcaldesa de doctor Gonz\u00e1lez dan certeza y confianza a los comuneros y se despejan los temores y, sobre todo, los rumores de personas que est\u00e1n al servicio de la pedrera.<\/p>\n\n\n\n<p>CRIMEN AMBIENTAL<\/p>\n\n\n\n<p>Un joven poblador inform\u00f3 a reporteros que Matrimar con sus actividades de pedrera ya acab\u00f3 con la cuenca h\u00eddrica del municipio de Cerralvo, sin embargo, no hubo problemas sociales ya que los habitantes est\u00e1n conectados a una red de abasto domiciliario: \u201cpero all\u00e1 ya no hay agua\u201d.<\/p>\n\n\n\n<p>Ac\u00e1 pasar\u00eda lo mismo, con el problema de que la monta\u00f1a dejar\u00eda de ser el gran amortiguador contra la contaminaci\u00f3n de la zona metropolitana de Monterrey, alert\u00f3, para enseguida asentir que si se autoriza a Matrimar, ser\u00e1 un crimen ambiental de enormes proporciones, y se acabar\u00eda la producci\u00f3n ganadera en torno de Picachos por el acaparamiento del agua para la pedrera y adem\u00e1s la gente desaparecer\u00eda, habr\u00eda un gran \u00e9xodo.<\/p>\n\n\n\n<p>COMPRA DE VOLUNTADES<\/p>\n\n\n\n<p>Rancheros ya entrados en a\u00f1os, se vieron entusiasmados por el inter\u00e9s mostrado por el senador Fuentes, as\u00ed como la diputada Isabel Margarita Guerra Villarreal, de la Comisi\u00f3n del Medio Ambiente y del diputado local, Jorge de Le\u00f3n.<\/p>\n\n\n\n<p>Los pobladores expresaron que Matrimar ha intentado por todos los medios invadir Picachos y ha tratado de sobornar a comuneros al grado de expedir cheques en blanco para que le den todas las firmas de aceptaci\u00f3n para abrir una pedrera.<\/p>\n\n\n\n<p>Tambi\u00e9n, agregaron, se han apoderado de organizaciones comunales a trav\u00e9s del fraude infiltrando gente ajena para conseguir sus fines depredadores.<\/p>\n\n\n\n<p>DECRETO<\/p>\n\n\n\n<p>En su oportunidad, el diputado local Jorge de Le\u00f3n extern\u00f3 que adem\u00e1s de ponerse a favor de los comuneros, se realizan gestiones para, incluso, ampliar el \u00e1rea protegida de Picachos hasta las 150 mil hect\u00e1reas y as\u00ed \u201canular cualquier posibilidad de que se abra una pedrera\u201d.<\/p>\n\n\n\n<p>Coment\u00f3 que se agiliza la integraci\u00f3n de un expediente con el objetivo de que se emita un decreto lo m\u00e1s pronto posible y quede plenamente establecida la protecci\u00f3n de la sierra, para siempre.<\/p>\n\n\n\n<p>El senador Fuentes y la diputada federal Isabel Margarita Guerra coincidieron en anunciar que el asunto del acoso que hay contra la sierra Picachos va ser llevado al trabajo legislativo de las c\u00e1maras del Congreso de la Uni\u00f3n.<\/p>\n\n\n\n<p>La diputada Guerra consider\u00f3 importante que los comuneros y pobladores mantengan su frente de lucha misma que ser\u00e1 reforzada por sus representantes populares, en Nuevo Le\u00f3n y en la Ciudad de M\u00e9xico. Abund\u00f3 que su deber es proteger y ayudar a que se respete el medio ambiente.<\/p>\n","protected":false},"excerpt":{"rendered":"<p>ePedro Garc\u00eda Trevi\u00f1o En una postura coincidente, a favor de proteger \u2013de una vez por todas- el rico ecosistema de la sierra Picachos, legisladores federales, locales y autoridades municipales se declararon en un \u201cfrente com\u00fan\u201d para garantizar la intocabilidad de la exuberante monta\u00f1a de m\u00faltiples servicios a la salud ambiental de la regi\u00f3n y de [&hellip;]<\/p>\n","protected":false},"author":1,"featured_media":1535,"comment_status":"open","ping_status":"open","sticky":true,"template":"","format":"standard","meta":{"footnotes":""},"categories":[6],"tags":[],"_links":{"self":[{"href":"https:\/\/diariodigitalmx.com\/index.php\/wp-json\/wp\/v2\/posts\/1534"}],"collection":[{"href":"https:\/\/diariodigitalmx.com\/index.php\/wp-json\/wp\/v2\/posts"}],"about":[{"href":"https:\/\/diariodigitalmx.com\/index.php\/wp-json\/wp\/v2\/types\/post"}],"author":[{"embeddable":true,"href":"https:\/\/diariodigitalmx.com\/index.php\/wp-json\/wp\/v2\/users\/1"}],"replies":[{"embeddable":true,"href":"https:\/\/diariodigitalmx.com\/index.php\/wp-json\/wp\/v2\/comments?post=1534"}],"version-history":[{"count":1,"href":"https:\/\/diariodigitalmx.com\/index.php\/wp-json\/wp\/v2\/posts\/1534\/revisions"}],"predecessor-version":[{"id":1540,"href":"https:\/\/diariodigitalmx.com\/index.php\/wp-json\/wp\/v2\/posts\/1534\/revisions\/1540"}],"wp:featuredmedia":[{"embeddable":true,"href":"https:\/\/diariodigitalmx.com\/index.php\/wp-json\/wp\/v2\/media\/1535"}],"wp:attachment":[{"href":"https:\/\/diariodigitalmx.com\/index.php\/wp-json\/wp\/v2\/media?parent=1534"}],"wp:term":[{"taxonomy":"category","embeddable":true,"href":"https:\/\/diariodigitalmx.com\/index.php\/wp-json\/wp\/v2\/categories?post=1534"},{"taxonomy":"post_tag","embeddable":true,"href":"https:\/\/diariodigitalmx.com\/index.php\/wp-json\/wp\/v2\/tags?post=1534"}],"curies":[{"name":"wp","href":"https:\/\/api.w.org\/{rel}","templated":true}]}}