{"id":1541,"date":"2019-03-25T13:00:40","date_gmt":"2019-03-25T19:00:40","guid":{"rendered":"http:\/\/diariodigitalmx.com\/?p=1541"},"modified":"2019-03-25T13:00:41","modified_gmt":"2019-03-25T19:00:41","slug":"investigan-choque-de-patrullas-jugarian-carreras-los-policias","status":"publish","type":"post","link":"https:\/\/diariodigitalmx.com\/index.php\/2019\/03\/25\/investigan-choque-de-patrullas-jugarian-carreras-los-policias\/","title":{"rendered":"Investigan choque de patrullas; jugar\u00edan carreras los polic\u00edas"},"content":{"rendered":"\n<p>David Casas<\/p>\n\n\n\n<figure class=\"wp-block-image\"><img loading=\"lazy\" decoding=\"async\" width=\"660\" height=\"440\" src=\"http:\/\/diariodigitalmx.com\/wp-content\/uploads\/2019\/03\/866b3e75-b36f-40d9-920a-38ed8d06ea4d.jpg\" alt=\"\" class=\"wp-image-1543\" srcset=\"https:\/\/diariodigitalmx.com\/wp-content\/uploads\/2019\/03\/866b3e75-b36f-40d9-920a-38ed8d06ea4d.jpg 660w, https:\/\/diariodigitalmx.com\/wp-content\/uploads\/2019\/03\/866b3e75-b36f-40d9-920a-38ed8d06ea4d-300x200.jpg 300w\" sizes=\"(max-width: 660px) 100vw, 660px\" \/><\/figure>\n\n\n\n<p>Monterrey, N. L- La secretar\u00eda\n de Seguridad P\u00fablica del Estado investiga el accidente entre dos patrullas de Fuerza Civil que quedaron destrozadas al chocar entre s\u00ed ambas.<\/p>\n\n\n\n<p>El titular de Seguridad, Aldo\n Fasci, inform\u00f3 que se la investigaci\u00f3n se centra en dos versiones aunque una de ellas es que podr\u00edan haber jugado carreras ambas unidades cuando circulaban en el municipio de Garc\u00eda, al poniente de la zona metropolitana de Monterrey.<\/p>\n\n\n\n<p>Se trata de las unidades FC1306\n y la FC2114, pero se resguard\u00f3 la identidad de los seis polic\u00edas que son investigados y que no est\u00e1n suspendidos pero no salen a las calles a vigilar.<\/p>\n\n\n\n<p><br>\nLos hechos fueron el domingo en el &nbsp;cruce de la Avenida Real de Minas y Litio, en la Colonia Valle\n de Lincoln y aunque la autoridad &nbsp;estableci\u00f3 que los elementos iban jugando carreras, los oficiales lo negaron y argumentaron que iban en persecuci\u00f3n de un veh\u00edculo sospechoso, pero no les creen &nbsp;porque no reportaron de la acci\u00f3n.\n<br>\n<br>\n<\/p>\n\n\n\n<p>Tambi\u00e9n se investiga un v\u00eddeo\n &nbsp;privado que muestra que en la cabina iban los polic\u00edas que deber\u00edan estar de &nbsp;pie atr\u00e1s.<br>\n<br>\nFasci, dice que investigan dos versiones en el accidente y adem\u00e1s de que los polic\u00edas pod\u00edan ir\n jugando carreras, indagan una versi\u00f3n de que iban en una persecuci\u00f3n.<br>\n<br>\n&#8220;Se est\u00e1 investigando, porque tenemos dos versiones diferentes&#8221;, expres\u00f3.Y pues la versi\u00f3n de\n que andaban jugando carreras obviamente molesta mucho, porque unos cuantos compa\u00f1eros echan a perder el trabajo de muchos&#8221;.<\/p>\n\n\n\n<p>De acuerdo al funcionario,\n<\/p>\n\n\n\n<p>si se comprueba que los polic\u00edas\n &nbsp;jugaban carreras, se cesar\u00e1 a los responsables y se les obligar\u00e1 a la reparaci\u00f3n de da\u00f1os.<br>\n<br>\nUna de las patrullas destruidas era nueva, &nbsp;con un valor de aproximadamente un mill\u00f3n de pesos,\n aunque est\u00e1 asegurada.<\/p>\n","protected":false},"excerpt":{"rendered":"<p>David Casas Monterrey, N. L- La secretar\u00eda de Seguridad P\u00fablica del Estado investiga el accidente entre dos patrullas de Fuerza Civil que quedaron destrozadas al chocar entre s\u00ed ambas. El titular de Seguridad, Aldo Fasci, inform\u00f3 que se la investigaci\u00f3n se centra en dos versiones aunque una de ellas es que podr\u00edan haber jugado carreras [&hellip;]<\/p>\n","protected":false},"author":1,"featured_media":1542,"comment_status":"open","ping_status":"open","sticky":true,"template":"","format":"standard","meta":{"footnotes":""},"categories":[6],"tags":[],"_links":{"self":[{"href":"https:\/\/diariodigitalmx.com\/index.php\/wp-json\/wp\/v2\/posts\/1541"}],"collection":[{"href":"https:\/\/diariodigitalmx.com\/index.php\/wp-json\/wp\/v2\/posts"}],"about":[{"href":"https:\/\/diariodigitalmx.com\/index.php\/wp-json\/wp\/v2\/types\/post"}],"author":[{"embeddable":true,"href":"https:\/\/diariodigitalmx.com\/index.php\/wp-json\/wp\/v2\/users\/1"}],"replies":[{"embeddable":true,"href":"https:\/\/diariodigitalmx.com\/index.php\/wp-json\/wp\/v2\/comments?post=1541"}],"version-history":[{"count":1,"href":"https:\/\/diariodigitalmx.com\/index.php\/wp-json\/wp\/v2\/posts\/1541\/revisions"}],"predecessor-version":[{"id":1544,"href":"https:\/\/diariodigitalmx.com\/index.php\/wp-json\/wp\/v2\/posts\/1541\/revisions\/1544"}],"wp:featuredmedia":[{"embeddable":true,"href":"https:\/\/diariodigitalmx.com\/index.php\/wp-json\/wp\/v2\/media\/1542"}],"wp:attachment":[{"href":"https:\/\/diariodigitalmx.com\/index.php\/wp-json\/wp\/v2\/media?parent=1541"}],"wp:term":[{"taxonomy":"category","embeddable":true,"href":"https:\/\/diariodigitalmx.com\/index.php\/wp-json\/wp\/v2\/categories?post=1541"},{"taxonomy":"post_tag","embeddable":true,"href":"https:\/\/diariodigitalmx.com\/index.php\/wp-json\/wp\/v2\/tags?post=1541"}],"curies":[{"name":"wp","href":"https:\/\/api.w.org\/{rel}","templated":true}]}}