{"id":15725,"date":"2019-11-01T07:03:20","date_gmt":"2019-11-01T13:03:20","guid":{"rendered":"http:\/\/diariodigitalmx.com\/?p=15725"},"modified":"2019-11-01T07:11:18","modified_gmt":"2019-11-01T13:11:18","slug":"revelan-nombre-d","status":"publish","type":"post","link":"https:\/\/diariodigitalmx.com\/index.php\/2019\/11\/01\/revelan-nombre-d\/","title":{"rendered":"Revelan nombre de qui\u00e9n coordin\u00f3 operativo fallido; ponen en riesgo su vida, dice Senado"},"content":{"rendered":"\n<p>Por Daniel Blancas y Alejandro P\u00e1ez (de La Cr\u00f3nica de Hoy)<br><\/p>\n\n\n\n<p>Inc\u00f3modo, titubeante, pero presionado por el presidente Andr\u00e9s Manuel L\u00f3pez Obrador, el Secretario de la Defensa, Luis Cresencio Sandoval, ventil\u00f3 el nombre de quien coordin\u00f3 el operativo fallido en Culiac\u00e1n y quien a su vez es Jefe del Grupo de An\u00e1lisis de Informaci\u00f3n del Narcotr\u00e1fico de la Sedena.<br><\/p>\n\n\n\n<p>Sin reparar en los riesgos a ese mando y a su familia, el General fue forzado tambi\u00e9n por la insistencia medi\u00e1tica y termin\u00f3 por culpar a ese teniente coronel de ejecutar la acci\u00f3n t\u00e1ctica sin autorizaci\u00f3n superior.<br><\/p>\n\n\n\n<p>\u2013\u00bfQui\u00e9n orden\u00f3 el operativo? \u2013le preguntaron a Sandoval.<br><\/p>\n\n\n\n<p>\u2013Toma la decisi\u00f3n el grupo responsable de estar observando el blanco \u2013contest\u00f3 \u00e9l, pero el presidente lo urgi\u00f3 a ofrecer m\u00e1s detalles.<br><\/p>\n\n\n\n<p>\u2013Mire, general, d\u00e9 el nombre del encargado del operativo en lo nacional.<br><\/p>\n\n\n\n<p>Luis Cresencio no pareci\u00f3 convencido y, primero, busc\u00f3 escudarse en la falta de memoria: se limit\u00f3 a dar el apellido.<br><\/p>\n\n\n\n<p>\u2013\u00bfNo tiene el nombre? \u2013repet\u00edan los \u201cinsaciables\u201d reporteros y el Secretario cedi\u00f3\u2013: \u00c9l maneja las diferentes partes de la estructura, va dirigiendo los esfuerzos, haciendo el acopio de informaci\u00f3n, le llegan todos los datos y va moviendo a los diferentes efectivos para desarrollar operaciones.<br><\/p>\n\n\n\n<p>\u2013\u00bfNo les debi\u00f3 haber informado?, \u00bfpor qu\u00e9 hizo el operativo sin orden de cateo?<br><\/p>\n\n\n\n<p>\u2013Nuestra Fiscal\u00eda determin\u00f3 un grupo que fuera a Culiac\u00e1n a analizar todo lo que sucedi\u00f3 desde el punto de vista jur\u00eddico y determinar si fueron infringidos reglamentos o leyes militares y si esto implica una responsabilidad. Y ah\u00ed estar\u00e1 incluida esta parte de no informar, de no pedir autorizaci\u00f3n, de no esperar la respuesta de quien ten\u00eda que estar enterado y decidir. Eso tambi\u00e9n est\u00e1 sujeto a la investigaci\u00f3n en nuestra fiscal\u00eda.<br><\/p>\n\n\n\n<p>El aludido, seg\u00fan el Secretario, est\u00e1 bajo el control del subjefe de inteligencia del Estado Mayor: \u201cTen\u00eda que haber seguido ese canal hasta llegar a mi persona y yo haber informado al Gabinete de Seguridad y del Gabinete al se\u00f1or Presidente\u201d\u2026<\/p>\n\n\n\n<p><br><\/p>\n\n\n\n<figure class=\"wp-block-image\"><img loading=\"lazy\" decoding=\"async\" width=\"800\" height=\"600\" src=\"http:\/\/diariodigitalmx.com\/wp-content\/uploads\/2019\/11\/Sicarios-1.jpg\" alt=\"\" class=\"wp-image-15731\" srcset=\"https:\/\/diariodigitalmx.com\/wp-content\/uploads\/2019\/11\/Sicarios-1.jpg 800w, https:\/\/diariodigitalmx.com\/wp-content\/uploads\/2019\/11\/Sicarios-1-300x225.jpg 300w, https:\/\/diariodigitalmx.com\/wp-content\/uploads\/2019\/11\/Sicarios-1-768x576.jpg 768w\" sizes=\"(max-width: 800px) 100vw, 800px\" \/><\/figure>\n\n\n\n<p>Ponen en riesgo su vida<br><\/p>\n\n\n\n<p>La revelaci\u00f3n sobre el responsable del operativo de Culiac\u00e1n provoc\u00f3 molestia en el Senado, entre la oposici\u00f3n, que arremeti\u00f3 contra el presidente Andr\u00e9s Manuel L\u00f3pez Obrador al acusarlo de deslealtad con los Fuerzas Armadas y poner en riesgo&nbsp; la vida del teniente coronel que coordin\u00f3 las acciones: \u201cRevelar el nombre del militar a cargo de la operaci\u00f3n fallida en Culiac\u00e1n es un acto grave de deslealtad, que lo pone en peligro a \u00e9l y a su familia\u201d, sentenci\u00f3 el PAN en la C\u00e1mara Alta.<\/p>\n","protected":false},"excerpt":{"rendered":"<p>Por Daniel Blancas y Alejandro P\u00e1ez (de La Cr\u00f3nica de Hoy) Inc\u00f3modo, titubeante, pero presionado por el presidente Andr\u00e9s Manuel L\u00f3pez Obrador, el Secretario de la Defensa, Luis Cresencio Sandoval, ventil\u00f3 el nombre de quien coordin\u00f3 el operativo fallido en Culiac\u00e1n y quien a su vez es Jefe del Grupo de An\u00e1lisis de Informaci\u00f3n del [&hellip;]<\/p>\n","protected":false},"author":1,"featured_media":15730,"comment_status":"open","ping_status":"open","sticky":false,"template":"","format":"standard","meta":{"footnotes":""},"categories":[2,3],"tags":[],"_links":{"self":[{"href":"https:\/\/diariodigitalmx.com\/index.php\/wp-json\/wp\/v2\/posts\/15725"}],"collection":[{"href":"https:\/\/diariodigitalmx.com\/index.php\/wp-json\/wp\/v2\/posts"}],"about":[{"href":"https:\/\/diariodigitalmx.com\/index.php\/wp-json\/wp\/v2\/types\/post"}],"author":[{"embeddable":true,"href":"https:\/\/diariodigitalmx.com\/index.php\/wp-json\/wp\/v2\/users\/1"}],"replies":[{"embeddable":true,"href":"https:\/\/diariodigitalmx.com\/index.php\/wp-json\/wp\/v2\/comments?post=15725"}],"version-history":[{"count":3,"href":"https:\/\/diariodigitalmx.com\/index.php\/wp-json\/wp\/v2\/posts\/15725\/revisions"}],"predecessor-version":[{"id":15732,"href":"https:\/\/diariodigitalmx.com\/index.php\/wp-json\/wp\/v2\/posts\/15725\/revisions\/15732"}],"wp:featuredmedia":[{"embeddable":true,"href":"https:\/\/diariodigitalmx.com\/index.php\/wp-json\/wp\/v2\/media\/15730"}],"wp:attachment":[{"href":"https:\/\/diariodigitalmx.com\/index.php\/wp-json\/wp\/v2\/media?parent=15725"}],"wp:term":[{"taxonomy":"category","embeddable":true,"href":"https:\/\/diariodigitalmx.com\/index.php\/wp-json\/wp\/v2\/categories?post=15725"},{"taxonomy":"post_tag","embeddable":true,"href":"https:\/\/diariodigitalmx.com\/index.php\/wp-json\/wp\/v2\/tags?post=15725"}],"curies":[{"name":"wp","href":"https:\/\/api.w.org\/{rel}","templated":true}]}}