{"id":15771,"date":"2019-11-01T11:53:18","date_gmt":"2019-11-01T17:53:18","guid":{"rendered":"http:\/\/diariodigitalmx.com\/?p=15771"},"modified":"2019-11-01T11:53:43","modified_gmt":"2019-11-01T17:53:43","slug":"nada-que-ver-con-ratificacion-del-te-mex-investigacion-sobre-trump-afirma-pelosi","status":"publish","type":"post","link":"https:\/\/diariodigitalmx.com\/index.php\/2019\/11\/01\/nada-que-ver-con-ratificacion-del-te-mex-investigacion-sobre-trump-afirma-pelosi\/","title":{"rendered":"Nada que ver con ratificaci\u00f3n del TE-MEX investigaci\u00f3n sobre Trump, afirma Pelosi"},"content":{"rendered":"\n<p>El\nCongreso de Estados Unidos avanza hacia la ratificaci\u00f3n del nuevo acuerdo\nnorteamericano de libre comercio T-MEC, m\u00e1s all\u00e1 de la investigaci\u00f3n con miras\na un juicio pol\u00edtico del presidente Donald Trump, asegur\u00f3 la presidenta de la\nC\u00e1mara de Representantes, Nancy Pelosi.<\/p>\n\n\n\n<p>La aprobaci\u00f3n de\nlas reglas del procedimiento que podr\u00eda derivar en la destituci\u00f3n de Trump\ngener\u00f3 interrogantes sobre el futuro del Tratado entre M\u00e9xico, Estados Unidos y\nCanad\u00e1 (T-MEC), sellado en noviembre pasado por los tres pa\u00edses pero hasta\nahora solo confirmado por el Senado mexicano.<\/p>\n\n\n\n<p>Pelosi, l\u00edder de los dem\u00f3cratas que controlan la C\u00e1mara baja, afirm\u00f3 poco antes de la votaci\u00f3n que el proceso de juicio pol\u00edtico &#8220;no tiene nada que ver&#8221; con la luz verde al T-MEC, que parece &#8220;cerca&#8221; de lograrse.<\/p>\n\n\n\n<figure class=\"wp-block-image\"><img loading=\"lazy\" decoding=\"async\" width=\"698\" height=\"439\" src=\"http:\/\/diariodigitalmx.com\/wp-content\/uploads\/2019\/11\/Pelosi.jpg\" alt=\"\" class=\"wp-image-15774\" srcset=\"https:\/\/diariodigitalmx.com\/wp-content\/uploads\/2019\/11\/Pelosi.jpg 698w, https:\/\/diariodigitalmx.com\/wp-content\/uploads\/2019\/11\/Pelosi-300x189.jpg 300w\" sizes=\"(max-width: 698px) 100vw, 698px\" \/><\/figure>\n\n\n\n<p>&#8220;Estamos\navanzando, &nbsp;haciendo progresos todos los\nd\u00edas&#8221;, dijo en rueda de prensa.<\/p>\n\n\n\n<p>&#8220;Soy\noptimista de que todav\u00eda estamos en el camino hacia el s\u00ed y de que pronto\nllegaremos a una conclusi\u00f3n sobre eso&#8221;, a\u00f1adi\u00f3.<\/p>\n\n\n\n<p>Pelosi\ndijo a principios de mes que los legisladores trabajaban en ese sentido con\nfuncionarios de la oficina del representante comercial estadounidense (USTR),\nRobert Lighthizer, que negoci\u00f3 el T-MEC a instancias de Trump.<\/p>\n\n\n\n<p>Si bien M\u00e9xico\nratific\u00f3 en junio el T-MEC y el tr\u00e1mite de confirmaci\u00f3n ha progresado en\nCanad\u00e1, los dem\u00f3cratas dicen que las reformas a las regulaciones que rigen para\nlos trabajadores mexicanos, destinadas a proteger a la industria estadounidense\nde competencia desleal, son insuficientes.<\/p>\n\n\n\n<p>&#8220;Si\npodemos llegar a un acuerdo, y creo que estamos cerca de hacerlo, (el T-MEC)\nser\u00e1 un modelo para futuros acuerdos comerciales&#8221;, dijo Pelosi.\n&#8220;Todav\u00eda no hemos llegado, pero somos conscientes del \u00faltimo tramo que\ntenemos que recorrer&#8221;.<\/p>\n","protected":false},"excerpt":{"rendered":"<p>El Congreso de Estados Unidos avanza hacia la ratificaci\u00f3n del nuevo acuerdo norteamericano de libre comercio T-MEC, m\u00e1s all\u00e1 de la investigaci\u00f3n con miras a un juicio pol\u00edtico del presidente Donald Trump, asegur\u00f3 la presidenta de la C\u00e1mara de Representantes, Nancy Pelosi. La aprobaci\u00f3n de las reglas del procedimiento que podr\u00eda derivar en la destituci\u00f3n [&hellip;]<\/p>\n","protected":false},"author":1,"featured_media":15772,"comment_status":"open","ping_status":"open","sticky":true,"template":"","format":"standard","meta":{"footnotes":""},"categories":[10,5],"tags":[],"_links":{"self":[{"href":"https:\/\/diariodigitalmx.com\/index.php\/wp-json\/wp\/v2\/posts\/15771"}],"collection":[{"href":"https:\/\/diariodigitalmx.com\/index.php\/wp-json\/wp\/v2\/posts"}],"about":[{"href":"https:\/\/diariodigitalmx.com\/index.php\/wp-json\/wp\/v2\/types\/post"}],"author":[{"embeddable":true,"href":"https:\/\/diariodigitalmx.com\/index.php\/wp-json\/wp\/v2\/users\/1"}],"replies":[{"embeddable":true,"href":"https:\/\/diariodigitalmx.com\/index.php\/wp-json\/wp\/v2\/comments?post=15771"}],"version-history":[{"count":2,"href":"https:\/\/diariodigitalmx.com\/index.php\/wp-json\/wp\/v2\/posts\/15771\/revisions"}],"predecessor-version":[{"id":15775,"href":"https:\/\/diariodigitalmx.com\/index.php\/wp-json\/wp\/v2\/posts\/15771\/revisions\/15775"}],"wp:featuredmedia":[{"embeddable":true,"href":"https:\/\/diariodigitalmx.com\/index.php\/wp-json\/wp\/v2\/media\/15772"}],"wp:attachment":[{"href":"https:\/\/diariodigitalmx.com\/index.php\/wp-json\/wp\/v2\/media?parent=15771"}],"wp:term":[{"taxonomy":"category","embeddable":true,"href":"https:\/\/diariodigitalmx.com\/index.php\/wp-json\/wp\/v2\/categories?post=15771"},{"taxonomy":"post_tag","embeddable":true,"href":"https:\/\/diariodigitalmx.com\/index.php\/wp-json\/wp\/v2\/tags?post=15771"}],"curies":[{"name":"wp","href":"https:\/\/api.w.org\/{rel}","templated":true}]}}