{"id":15776,"date":"2019-11-01T16:08:12","date_gmt":"2019-11-01T22:08:12","guid":{"rendered":"http:\/\/diariodigitalmx.com\/?p=15776"},"modified":"2019-11-01T16:09:21","modified_gmt":"2019-11-01T22:09:21","slug":"suben-16-7-tarifas-de-camiones-en-monterrey","status":"publish","type":"post","link":"https:\/\/diariodigitalmx.com\/index.php\/2019\/11\/01\/suben-16-7-tarifas-de-camiones-en-monterrey\/","title":{"rendered":"Suben 16.7 tarifas de camiones en Monterrey"},"content":{"rendered":"\n<p>Jessica Leal<\/p>\n\n\n\n<p>Monterrey, N. L- Un aumento del 16.7 por ciento a las tarifas del transporte p\u00fablico autoriz\u00f3 la comisi\u00f3n de costos del Consejo Estatal de Transporte y Vialidad (CETyV).<br><\/p>\n\n\n\n<p>No\u00e9 Ch\u00e1vez, director&nbsp; de la AET explic\u00f3  que el aumento es de un peso para usuarios de Tarjeta Feria (prepago) y 2 pesos para el cobro en efectivo.<br><\/p>\n\n\n\n<p>Ahora ser\u00e1 el Consejo de la Agencia Estatal del Transporte quien determine si aprueba o desecha la propuesta pero no tiene plazo para reunirse.<br><\/p>\n\n\n\n<p>De aprobarse, las tarifas en unidades climatizadas pasar\u00eda de 12 a 14 pesos en el pago en efectivo&nbsp; y de 12 a 13 pesos en las unidades sin clima.<br><\/p>\n\n\n\n<p>El pago con Tarjeta Feria pasar\u00eda de 11.19 a 12.69 pesos en unidades con clima, y de 10.19 a 11.19 pesos en unidades sin clima, mientras que el costo preferente aumentar\u00eda un peso de manera general. Las rutas suburbanas no tendr\u00edan aumento.<\/p>\n\n\n\n<p><br><\/p>\n\n\n\n<figure class=\"wp-block-image\"><img loading=\"lazy\" decoding=\"async\" width=\"707\" height=\"434\" src=\"http:\/\/diariodigitalmx.com\/wp-content\/uploads\/2019\/11\/images.jpeg\" alt=\"\" class=\"wp-image-15780\" srcset=\"https:\/\/diariodigitalmx.com\/wp-content\/uploads\/2019\/11\/images.jpeg 707w, https:\/\/diariodigitalmx.com\/wp-content\/uploads\/2019\/11\/images-300x184.jpeg 300w\" sizes=\"(max-width: 707px) 100vw, 707px\" \/><\/figure>\n\n\n\n<p>Seg\u00fan el funcionario no se sabe si se aprobar\u00e1 el alza de tarifas &#8220;es una comisi\u00f3n, hoy en d\u00eda no les puedo decir si va a haber aumento o no va a haber aumento, se acord\u00f3 ir a la sesi\u00f3n de consejo con un aumento de dos pesos en efectivo y uno con tarjeta feria, para que la gente utilice la Tarjeta Feria&#8221;.<br><\/p>\n\n\n\n<p>En la comisi\u00f3n acordaron no dar detalles de la votaci\u00f3n ni hablar a los medios de comunicaci\u00f3n.<br><\/p>\n\n\n\n<p>A su vez, Roc\u00edo Montalvo, dirigente del organismo \u00danete Pueblo, dijo que la promesa es que de aqu\u00ed al 2020 regresen a la circulaci\u00f3n 500 unidades retiradas.<\/p>\n\n\n\n<p>En los \u00faltimos cuatro a\u00f1os empresarios y permisionarios han exigido alza a las tarifas mientras que organismos como \u00danete Pueblo han salido en contra de una posible alza.<\/p>\n\n\n\n<p><\/p>\n\n\n\n<p><\/p>\n\n\n\n<p><\/p>\n","protected":false},"excerpt":{"rendered":"<p>Jessica Leal Monterrey, N. L- Un aumento del 16.7 por ciento a las tarifas del transporte p\u00fablico autoriz\u00f3 la comisi\u00f3n de costos del Consejo Estatal de Transporte y Vialidad (CETyV). No\u00e9 Ch\u00e1vez, director&nbsp; de la AET explic\u00f3 que el aumento es de un peso para usuarios de Tarjeta Feria (prepago) y 2 pesos para el [&hellip;]<\/p>\n","protected":false},"author":1,"featured_media":15779,"comment_status":"open","ping_status":"open","sticky":false,"template":"","format":"standard","meta":{"footnotes":""},"categories":[6,3],"tags":[],"_links":{"self":[{"href":"https:\/\/diariodigitalmx.com\/index.php\/wp-json\/wp\/v2\/posts\/15776"}],"collection":[{"href":"https:\/\/diariodigitalmx.com\/index.php\/wp-json\/wp\/v2\/posts"}],"about":[{"href":"https:\/\/diariodigitalmx.com\/index.php\/wp-json\/wp\/v2\/types\/post"}],"author":[{"embeddable":true,"href":"https:\/\/diariodigitalmx.com\/index.php\/wp-json\/wp\/v2\/users\/1"}],"replies":[{"embeddable":true,"href":"https:\/\/diariodigitalmx.com\/index.php\/wp-json\/wp\/v2\/comments?post=15776"}],"version-history":[{"count":2,"href":"https:\/\/diariodigitalmx.com\/index.php\/wp-json\/wp\/v2\/posts\/15776\/revisions"}],"predecessor-version":[{"id":15781,"href":"https:\/\/diariodigitalmx.com\/index.php\/wp-json\/wp\/v2\/posts\/15776\/revisions\/15781"}],"wp:featuredmedia":[{"embeddable":true,"href":"https:\/\/diariodigitalmx.com\/index.php\/wp-json\/wp\/v2\/media\/15779"}],"wp:attachment":[{"href":"https:\/\/diariodigitalmx.com\/index.php\/wp-json\/wp\/v2\/media?parent=15776"}],"wp:term":[{"taxonomy":"category","embeddable":true,"href":"https:\/\/diariodigitalmx.com\/index.php\/wp-json\/wp\/v2\/categories?post=15776"},{"taxonomy":"post_tag","embeddable":true,"href":"https:\/\/diariodigitalmx.com\/index.php\/wp-json\/wp\/v2\/tags?post=15776"}],"curies":[{"name":"wp","href":"https:\/\/api.w.org\/{rel}","templated":true}]}}