{"id":158,"date":"2019-01-23T12:25:55","date_gmt":"2019-01-23T18:25:55","guid":{"rendered":"http:\/\/diariodigitalmx.com\/?p=158"},"modified":"2019-01-23T12:26:55","modified_gmt":"2019-01-23T18:26:55","slug":"waldo-fernandez","status":"publish","type":"post","link":"https:\/\/diariodigitalmx.com\/index.php\/2019\/01\/23\/waldo-fernandez\/","title":{"rendered":"Waldo Fern\u00e1ndez"},"content":{"rendered":"\n<h3 class=\"wp-block-heading\"><strong>YO VOY CON LA GUARDIA NACIONAL<\/strong><\/h3>\n\n\n\n<p>Al finalizar el 2018, as\u00ed como en este comienzo de a\u00f1o, hemos escuchado en medios visuales, impresos y electr\u00f3nicos, el estudio y an\u00e1lisis de la viabilidad de la Guardia Nacional, muchos especialistas en la materia han dado sus opiniones, as\u00ed como gran parte de la c\u00fapula pol\u00edtica tambi\u00e9n han expresado sus posturas. Por ejemplo, en la C\u00e1mara de Diputados se llevaron a cabo audiencias p\u00fablicas con Gobernadores, Alcaldes, Senadores, Diputados, especialistas, entre otros; sin embargo, no restando la eficacia de estas reuniones de trabajo y m\u00e1s all\u00e1 de los tecnicismos y razonamientos jur\u00eddicos, no se han escuchado las versiones, posturas, experiencias u opiniones de los que realmente viven la inseguridad en el pa\u00eds: los ciudadanos.<br><\/p>\n\n\n\n<p>A la gente no le importa la seguridad p\u00fablica, la seguridad nacional, la seguridad ciudadana, seguridad interior o cualquier tipo de concepto, por otro lado, lo \u00fanico que saben y exigen es que haya cuerpos de seguridad cuid\u00e1ndolos, sin pensar que se necesite una guardia nacional, al ej\u00e9rcito, marinos, polic\u00eda federal, estatal o municipal, lo \u00fanico que quieren es salir a la calle y estar en paz, poder transitar por sus colonias con seguridad, que sus hijos puedan ir a las escuelas con tranquilidad, que puedan trasladarse a sus trabajos o cualquier otro lugar, con un s\u00f3lo pedimento, estar seguros, tranquilos y protegidos, por supuesto, como un derecho fundamental de cualquier sociedad. <br><\/p>\n\n\n\n<p>Pero en la historia de la seguridad moderna, nos damos cuenta que hoy los \u00fanicos que pueden garantizarla son los militares y no s\u00f3lo es un dicho personal, est\u00e1 documentado y tambi\u00e9n se tienen las estad\u00edsticas que infirieron una mejor\u00eda en muchos estados; es por esto, que en su momento, como diputado federal, investigador y estudioso del tema de seguridad nacional y simplemente como ciudadano, apoye con firmeza la ley de seguridad interior y es ahora que apoyo la instauraci\u00f3n de la Guardia Nacional.<br><\/p>\n\n\n\n<p>Ahora bien, quien diga que el pa\u00eds vive en una estado de excepci\u00f3n, pues simple y sencillamente est\u00e1 negando una realidad, ya que las estad\u00edsticas oficiales no son nada alentadoras; a continuaci\u00f3n menciono a qu\u00e9 me refiero. <br><\/p>\n\n\n\n<p>Para empezar la m\u00e1s reciente y conocida guerra contra el narcotr\u00e1fico de los dos \u00faltimos sexenios, fueron m\u00e1s 250 mil las personas que fueron asesinadas en nuestro pa\u00eds, en un lapso de 2006 a 2018, esto con datos corroborados y expuestos por el propio INEGI, por lo que a todas luces nos arroja que de ninguna manera en nuestro pa\u00eds, nos encontramos en un &nbsp;estado de excepci\u00f3n, pues queda evidenciada la necesidad de un reingenier\u00eda en la Naci\u00f3n en materia de seguridad, para borrar o aminorar esas estad\u00edsticas sin precedentes, con niveles que nos equiparar\u00e1n a pa\u00edses en guerra, de acuerdo al informe \u201cEstad\u00edsticas Mundiales de la Salud 2017\u201d, elaborado por la OMS.<br><\/p>\n\n\n\n<p>Es por esto, que es necesario que el dictamen de la Guardia Nacional que ahora se analiza y discute en la C\u00e1mara de Diputados, sea aprobado a la brevedad. Sabemos muy bien que el mismo Gobierno reconoci\u00f3 y ahora con el entrante reconoce el fracaso en la estrategia de seguridad; estoy convencido que nuestra Naci\u00f3n no resistir\u00e1 12 a\u00f1os m\u00e1s de inseguridad, delincuencia organizada y el lacerante narcotr\u00e1fico, por s\u00f3lo decir algunos de los delitos m\u00e1s relevantes, no deben ser reformas para ampliar el cat\u00e1logo o tipificaci\u00f3n de delitos, es reducirlo, erradicarlo, debemos entender que deben eliminarse no aumentarse.<br><\/p>\n\n\n\n<p>Hoy en d\u00eda se tienen diagn\u00f3sticos para la utilizaci\u00f3n de la Armada de M\u00e9xico para las actuaciones en seguridad p\u00fablica, por lo que al regularse jur\u00eddicamente mediante la Guardia Nacional, no estar\u00edamos experimentando resultados ni juicios, estar\u00edamos al nivel de otros pa\u00edses que cuentan con ella, por supuesto, con resultados ben\u00e9ficos y que devolvieron la seguridad en todos sus \u00e1mbitos en estados y municipios que se hab\u00eda perdido en su totalidad.<br><\/p>\n\n\n\n<p>Explicando m\u00e1s espec\u00edficamente el n\u00famero de homicidios antes mencionados, se desprende que en el 2017, el Sistema Nacional de Seguridad P\u00fablica, registr\u00f3 29,159 carpetas de investigaci\u00f3n por homicidio doloso y 10395 en 2018, tan s\u00f3lo en los primeros cuatro meses, por lo que se registra un incremento muy importante en lo que rest\u00f3 del a\u00f1o. Asimismo, todas estas muertes no significan s\u00f3lo de la lucha contra el narco, tambi\u00e9n se refieren a ejecuciones, levantamientos y enfrentamientos entre grupos delictivos en todas sus facetas. <br><\/p>\n\n\n\n<p>Concluyo diciendo que se debe estructurar y llevar a cabo una verdadera estrategia de seguridad, dejar atr\u00e1s esas campa\u00f1as electorales que durante mucho tiempo toman como bandera s\u00f3lo dos temas, inseguridad y corrupci\u00f3n; adem\u00e1s de tener en cuenta que culpar a las fuerzas armadas de la violencia en el pa\u00eds, ser\u00eda tanto como exonerar a los delincuentes de sus actos.<br><\/p>\n\n\n\n<p>Quitemos de nuestra memoria de seguridad en M\u00e9xico, esa m\u00e1xima de que si lo secuestraron, es por que estaba de opulento, porque ten\u00eda un carro del a\u00f1o, que vest\u00eda de determinada forma, que simplemente era pr\u00f3spero, o la violaron porque se vest\u00eda de tal manera o transitaba por lugares que no deb\u00eda, lo robaron porque dej\u00f3 las cosas en alg\u00fan lugar y no las cuido, la pasamos siempre culpando a la v\u00edctima, pero no al delincuente, pareciera que en M\u00e9xico se vuelven permanentes estos actos de inconsciencia social, reduci\u00e9ndose a que <strong><em>siempre el culpable es la v\u00edctima y nunca el delincuente.<\/em><\/strong><br><\/p>\n","protected":false},"excerpt":{"rendered":"<p>YO VOY CON LA GUARDIA NACIONAL Al finalizar el 2018, as\u00ed como en este comienzo de a\u00f1o, hemos escuchado en medios visuales, impresos y electr\u00f3nicos, el estudio y an\u00e1lisis de la viabilidad de la Guardia Nacional, muchos especialistas en la materia han dado sus opiniones, as\u00ed como gran parte de la c\u00fapula pol\u00edtica tambi\u00e9n han [&hellip;]<\/p>\n","protected":false},"author":1,"featured_media":0,"comment_status":"open","ping_status":"open","sticky":true,"template":"","format":"standard","meta":{"footnotes":""},"categories":[12,1],"tags":[],"_links":{"self":[{"href":"https:\/\/diariodigitalmx.com\/index.php\/wp-json\/wp\/v2\/posts\/158"}],"collection":[{"href":"https:\/\/diariodigitalmx.com\/index.php\/wp-json\/wp\/v2\/posts"}],"about":[{"href":"https:\/\/diariodigitalmx.com\/index.php\/wp-json\/wp\/v2\/types\/post"}],"author":[{"embeddable":true,"href":"https:\/\/diariodigitalmx.com\/index.php\/wp-json\/wp\/v2\/users\/1"}],"replies":[{"embeddable":true,"href":"https:\/\/diariodigitalmx.com\/index.php\/wp-json\/wp\/v2\/comments?post=158"}],"version-history":[{"count":1,"href":"https:\/\/diariodigitalmx.com\/index.php\/wp-json\/wp\/v2\/posts\/158\/revisions"}],"predecessor-version":[{"id":159,"href":"https:\/\/diariodigitalmx.com\/index.php\/wp-json\/wp\/v2\/posts\/158\/revisions\/159"}],"wp:attachment":[{"href":"https:\/\/diariodigitalmx.com\/index.php\/wp-json\/wp\/v2\/media?parent=158"}],"wp:term":[{"taxonomy":"category","embeddable":true,"href":"https:\/\/diariodigitalmx.com\/index.php\/wp-json\/wp\/v2\/categories?post=158"},{"taxonomy":"post_tag","embeddable":true,"href":"https:\/\/diariodigitalmx.com\/index.php\/wp-json\/wp\/v2\/tags?post=158"}],"curies":[{"name":"wp","href":"https:\/\/api.w.org\/{rel}","templated":true}]}}