{"id":15858,"date":"2019-11-03T11:46:19","date_gmt":"2019-11-03T17:46:19","guid":{"rendered":"http:\/\/diariodigitalmx.com\/?p=15858"},"modified":"2019-11-03T11:47:39","modified_gmt":"2019-11-03T17:47:39","slug":"muere-el-astrologo-walter-mercado","status":"publish","type":"post","link":"https:\/\/diariodigitalmx.com\/index.php\/2019\/11\/03\/muere-el-astrologo-walter-mercado\/","title":{"rendered":"Muere el astr\u00f3logo Walter Mercado"},"content":{"rendered":"\n<p>El astr\u00f3logo, actor y bailar\u00edn Walter Mercado, falleci\u00f3 la noche de este s\u00e1bado en su natal Puerto Rico a los 87 a\u00f1os de edad, debido a una falla renal, inform\u00f3 el portavoz familiar.<\/p>\n\n\n\n<p>Desde hace varias semanas, hab\u00eda trascendido que Mercado se encontraba en un estado delicado de salud.<\/p>\n\n\n\n<p>El astr\u00f3logo hab\u00eda confrontado problemas de salud, cuando en 2012 tuvo una intervenci\u00f3n cardiovascular en Cleveland, Ohio, tras sufrir un infarto.<\/p>\n\n\n\n<p>En septiembre pasado sufri\u00f3 una fractura tras una ca\u00edda en el ba\u00f1o de su casa.<\/p>\n\n\n\n<p>Walter Mercado naci\u00f3 el 9 de marzo de 1932 en medio del oc\u00e9ano Atl\u00e1ntico, cuando sus padres Aida Salinas y Jos\u00e9 Mar\u00eda Mercado viajaban en barco de Espa\u00f1a a Puerto Rico. Pas\u00f3 los primeros a\u00f1os de infancia en Ponce.<\/p>\n\n\n\n<p>En sus a\u00f1os universitarios estudi\u00f3 farmacia, pedagog\u00eda y sicolog\u00eda, pero tambi\u00e9n cultiv\u00f3 las artes. As\u00ed, fue disc\u00edpulo de canto del doctor Ludwig Shajowics, estudios que prosigui\u00f3 con Luisita Caballero de Shawojics, Laura Martell, Luis Alberto Negr\u00f3n, Edgardo Giberloni, Alicia Morales y Alfredo Romero. Con ellos desarroll\u00f3 un repertorio en idiomas como el espa\u00f1ol, franc\u00e9s, ingl\u00e9s, italiano, portugu\u00e9s y griego.<\/p>\n\n\n\n<figure class=\"wp-block-image\"><img loading=\"lazy\" decoding=\"async\" width=\"739\" height=\"415\" src=\"http:\/\/diariodigitalmx.com\/wp-content\/uploads\/2019\/11\/images-2-2.jpeg\" alt=\"\" class=\"wp-image-15862\" srcset=\"https:\/\/diariodigitalmx.com\/wp-content\/uploads\/2019\/11\/images-2-2.jpeg 739w, https:\/\/diariodigitalmx.com\/wp-content\/uploads\/2019\/11\/images-2-2-300x168.jpeg 300w\" sizes=\"(max-width: 739px) 100vw, 739px\" \/><\/figure>\n\n\n\n<p>Pero fue a trav\u00e9s del baile que tuvo su primera exposici\u00f3n en el mundo art\u00edstico. Pupilo de la profesora austriaca madame Herta Brauer, Walter se form\u00f3 en el ballet cl\u00e1sico, aunque tambi\u00e9n estudi\u00f3 y despunt\u00f3 como bailar\u00edn de flamenco, y de baile moderno y folc\u00f3rico.<\/p>\n\n\n\n<p>Eventualmente dio el paso a la actuaci\u00f3n, siendo uno de los actores precursores de la industria de telenovelas puertorrique\u00f1as de la mano de Esther Pal\u00e9s. Entre sus actuaciones m\u00e1s recordadas est\u00e1n Un adi\u00f3s en el recuerdo y Larga distancia. En la escena teatral del Pa\u00eds se asent\u00f3 con producciones como Anastacia, Bodas de sangre, Andr\u00f3cles y el le\u00f3n, Los cuatro coroneles, Mirando hacia atr\u00e1s con ira y El tr\u00edptico de amor, dolor y muerte.<\/p>\n\n\n\n<p>Su pasi\u00f3n por las artes esc\u00e9nicas lo llev\u00f3 a abrir su propia escuela en Santurce, Walter Actor s Studio 64, donde se ense\u00f1aba baile y actuaci\u00f3n.<\/p>\n\n\n\n<p><strong>\u201cPAZ Y AMOR, PARA USTED\u201d.&nbsp;<\/strong>Pero a fines de la d\u00e9cada de 1969, un giro del destino lo llevar\u00eda a un cambio de carrera que impactar\u00eda la cultura popular del Pa\u00eds para siempre. Cierto d\u00eda, el productor de televisi\u00f3n El\u00edn Ortiz tuvo un problema por la ausencia de uno de los invitados a su programa, lo que representaba un hueco de 15 minutos que deb\u00eda cubrir. As\u00ed que le pidi\u00f3 a Walter que llenara el espacio. Ante su incertidumbre sobre qu\u00e9 hablar, El\u00edn le suguiri\u00f3 que leyera unas predicciones astrol\u00f3gicas. Era la llamada era de Acuario y con una preparaci\u00f3n tan s\u00f3lida en la actuaci\u00f3n, Walter hizo una particular intervenci\u00f3n de temas astrol\u00f3gicos. Al d\u00eda siguiente el cuadro telef\u00f3nico de Telemundo se inund\u00f3 de llamadas solicitando el regreso del segmento.<\/p>\n\n\n\n<p>Poco despu\u00e9s, Paquito Cordero cre\u00f3 un segmento diario en su famoso \u201cShow de las 12\u201d, a trav\u00e9s del que Walter Mercado entr\u00f3 todos los d\u00edas a los hogares puertorrique\u00f1os con su saludo de \u201cPaz y amor, para usted\u201d, hablando de temas esot\u00e9ricos y convirti\u00e9ndose de paso en el primer exponente del tema en la televisi\u00f3n nacional.<\/p>\n\n\n\n<figure class=\"wp-block-image\"><img loading=\"lazy\" decoding=\"async\" width=\"728\" height=\"400\" src=\"http:\/\/diariodigitalmx.com\/wp-content\/uploads\/2019\/11\/images-1-2.jpeg\" alt=\"\" class=\"wp-image-15864\" srcset=\"https:\/\/diariodigitalmx.com\/wp-content\/uploads\/2019\/11\/images-1-2.jpeg 728w, https:\/\/diariodigitalmx.com\/wp-content\/uploads\/2019\/11\/images-1-2-300x165.jpeg 300w\" sizes=\"(max-width: 728px) 100vw, 728px\" \/><\/figure>\n\n\n\n<p>Su arraigo en el p\u00fablico sigui\u00f3 creciendo hasta integrar el bloque de programas dominicales con su propio programa dentro de \u201cLo mejor de la semana\u201d. De Telemundo pas\u00f3 al Canal 7, donde mantuvo por muchos a\u00f1os \u201cEl show de Walter\u201d. Mientras su mundo de posibilidades se ampli\u00f3 y en la d\u00e9cada de 1980 dio el salto a los mercados internacionales con segmentos transmitidos en distintos pa\u00edses, secciones radiales, servicios de hor\u00f3scopos personalizados por tel\u00e9fono y columnas sindicadas en revistas y peri\u00f3dicos que se extendieron hasta Brasil. A mediados de esa d\u00e9cada, un contrato con Univision le dio su entrada a nivel nacional al mercado hispano de Estados Unidos.<\/p>\n\n\n\n<p>En 1995, firm\u00f3 un contrato para la producci\u00f3n y distribuci\u00f3n de materiales que promocionaban sus servicios con Bart Enterprises. La relaci\u00f3n funcion\u00f3 hasta 2006, cuando luego de una disputa Walter detuvo sus servicios con la empresa y \u00e9sta ces\u00f3 de pagarle. La disputa lleg\u00f3 al Tribunal Federal, donde el juez Gustavo Gelp\u00ed determin\u00f3 en el 2009 que Mercado no pod\u00eda seguir mercadeando ni vendiendo productos con su nombre, porque en su negociaci\u00f3n contractual con Bart Enterprises se lo hab\u00eda cedido a una corporaci\u00f3n. Fue entonces que el astr\u00f3logo se vio obligado a cambiar su nombre. En octubre de 2010 adopt\u00f3 el nombre de Shanti Ananda que a tono con el mundo espiritual se traduce como \u201cpaz y felicidad\u201d.<\/p>\n","protected":false},"excerpt":{"rendered":"<p>El astr\u00f3logo, actor y bailar\u00edn Walter Mercado, falleci\u00f3 la noche de este s\u00e1bado en su natal Puerto Rico a los 87 a\u00f1os de edad, debido a una falla renal, inform\u00f3 el portavoz familiar. Desde hace varias semanas, hab\u00eda trascendido que Mercado se encontraba en un estado delicado de salud. El astr\u00f3logo hab\u00eda confrontado problemas de [&hellip;]<\/p>\n","protected":false},"author":1,"featured_media":15861,"comment_status":"open","ping_status":"open","sticky":false,"template":"","format":"standard","meta":{"footnotes":""},"categories":[9,5],"tags":[],"_links":{"self":[{"href":"https:\/\/diariodigitalmx.com\/index.php\/wp-json\/wp\/v2\/posts\/15858"}],"collection":[{"href":"https:\/\/diariodigitalmx.com\/index.php\/wp-json\/wp\/v2\/posts"}],"about":[{"href":"https:\/\/diariodigitalmx.com\/index.php\/wp-json\/wp\/v2\/types\/post"}],"author":[{"embeddable":true,"href":"https:\/\/diariodigitalmx.com\/index.php\/wp-json\/wp\/v2\/users\/1"}],"replies":[{"embeddable":true,"href":"https:\/\/diariodigitalmx.com\/index.php\/wp-json\/wp\/v2\/comments?post=15858"}],"version-history":[{"count":3,"href":"https:\/\/diariodigitalmx.com\/index.php\/wp-json\/wp\/v2\/posts\/15858\/revisions"}],"predecessor-version":[{"id":15865,"href":"https:\/\/diariodigitalmx.com\/index.php\/wp-json\/wp\/v2\/posts\/15858\/revisions\/15865"}],"wp:featuredmedia":[{"embeddable":true,"href":"https:\/\/diariodigitalmx.com\/index.php\/wp-json\/wp\/v2\/media\/15861"}],"wp:attachment":[{"href":"https:\/\/diariodigitalmx.com\/index.php\/wp-json\/wp\/v2\/media?parent=15858"}],"wp:term":[{"taxonomy":"category","embeddable":true,"href":"https:\/\/diariodigitalmx.com\/index.php\/wp-json\/wp\/v2\/categories?post=15858"},{"taxonomy":"post_tag","embeddable":true,"href":"https:\/\/diariodigitalmx.com\/index.php\/wp-json\/wp\/v2\/tags?post=15858"}],"curies":[{"name":"wp","href":"https:\/\/api.w.org\/{rel}","templated":true}]}}