{"id":1588,"date":"2019-03-26T13:58:18","date_gmt":"2019-03-26T19:58:18","guid":{"rendered":"http:\/\/diariodigitalmx.com\/?p=1588"},"modified":"2019-03-26T13:58:19","modified_gmt":"2019-03-26T19:58:19","slug":"propone-carlos-leal-iniciativa-de-educacion-incluyente-en-casos-down","status":"publish","type":"post","link":"https:\/\/diariodigitalmx.com\/index.php\/2019\/03\/26\/propone-carlos-leal-iniciativa-de-educacion-incluyente-en-casos-down\/","title":{"rendered":"Propone Carlos Leal, iniciativa de educaci\u00f3n incluyente en casos down"},"content":{"rendered":"\n<p>En lo que fue la presentaci\u00f3n de la iniciativa de ley, el legislador Juan Carlos Leal considero que el S\u00edndrome de Down es una situaci\u00f3n o circunstancia que ocurre en la especie humana como consecuencia de una particular alteraci\u00f3n gen\u00e9tica. Esta alteraci\u00f3n consiste en que las c\u00e9lulas del bebe poseen en su n\u00facleo un cromosoma de m\u00e1s.<\/p>\n\n\n\n<p>\u201cTodo ser humano tiene la potencia de desarrollarse a un l\u00edmite m\u00e1ximo en igualdad de oportunidades en plenitud y el Estado debe de propiciar una cultura de respeto e inclusi\u00f3n de las personas que viven con una condici\u00f3n especial como lo es el S\u00edndrome de Down\u201d.<\/p>\n\n\n\n<p>Explic\u00f3 que el beb\u00e9 con s\u00edndrome de Down es como cualquier otro \u00fanico e irrepetible de un valor en s\u00ed mismo, fruto del amor de los padres, su condici\u00f3n no es responsabilidad de ning\u00fan progenitor o por simplemente es un condici\u00f3n donde el ovulo o el espermatozoide aportan 24 cromosomas en lugar de 23 que unidos a los de otra c\u00e9lula germinal suman 47. Y ese cromosoma extra pertenece la 21 de los cromosomas, de esta manera, el padre o la madre aportan 2 cromosomas 21 que sumados a cromosoma 21 de c\u00f3nyuge, resultan 3 cromosomas del par 21 por eso tambi\u00e9n se denomina trisom\u00eda 21.<\/p>\n\n\n\n<p>\u201cAlgunas caracter\u00edsticas f\u00edsicas son: disminuci\u00f3n del tono muscular, rostro plano, ojos inclinados hacia arriba y orejas mal formadas, capacidad de extender las articulaciones m\u00e1s de lo habitual, gran espacio entre los dedos, lengua y boca de gran tama\u00f1o respecto a la boca, tambi\u00e9n pueden presentarse enfermedades cardiacas, leucemia y otras complicaciones\u201d, dijo el vicepresidente de la mesa directiva del congreso.<\/p>\n\n\n\n<p>Leal resalt\u00f3 que est\u00e1 plenamente comprobado que los bebes con S\u00edndrome de Down pueden tener unas potencialidades de desarrollo incre\u00edbles, siempre que exista una atenci\u00f3n y estimulaci\u00f3n en la primera infancia, su pleno desarrollo va a depender muy directamente del grado de intervenci\u00f3n y atenci\u00f3n especializado y constante.&nbsp;<\/p>\n\n\n\n<p>\u201cSu desarrollo cambia de persona a persona, su desarrollo puede ser algunas veces m\u00e1s lento y otras veces m\u00e1s r\u00e1pido, incluso existen algunos programas educativos y laborales para que puedan ocupar puestos de trabajo ordinario\u201d.<\/p>\n\n\n\n<p>Juan Carlos Leal coment\u00f3 que la ONU calcula que la incidencia del S\u00edndrome de Down, a nivel mundial se sit\u00faa entre uno de cada mil y uno de cada mil 100 reci\u00e9n nacidos, a principios del siglo XX, se esperaba que quienes vivieran tuvieran menos de 10 a\u00f1os; ahora cerca del 80% de los adultos con el s\u00edndrome superan los 50 a\u00f1os de vida.<\/p>\n\n\n\n<p>El pasado 21 de marzo se conmemoro en el mundo el D\u00eda Mundial del S\u00edndrome de Down, la Asamblea General de las Naciones Unidas pretende aumentar la conciencia p\u00fablica sobre las personas con esta condici\u00f3n y resaltar la importancia de su autonom\u00eda e independencia individual.<\/p>\n","protected":false},"excerpt":{"rendered":"<p>En lo que fue la presentaci\u00f3n de la iniciativa de ley, el legislador Juan Carlos Leal considero que el S\u00edndrome de Down es una situaci\u00f3n o circunstancia que ocurre en la especie humana como consecuencia de una particular alteraci\u00f3n gen\u00e9tica. Esta alteraci\u00f3n consiste en que las c\u00e9lulas del bebe poseen en su n\u00facleo un cromosoma [&hellip;]<\/p>\n","protected":false},"author":1,"featured_media":1589,"comment_status":"open","ping_status":"open","sticky":true,"template":"","format":"standard","meta":{"footnotes":""},"categories":[6],"tags":[],"_links":{"self":[{"href":"https:\/\/diariodigitalmx.com\/index.php\/wp-json\/wp\/v2\/posts\/1588"}],"collection":[{"href":"https:\/\/diariodigitalmx.com\/index.php\/wp-json\/wp\/v2\/posts"}],"about":[{"href":"https:\/\/diariodigitalmx.com\/index.php\/wp-json\/wp\/v2\/types\/post"}],"author":[{"embeddable":true,"href":"https:\/\/diariodigitalmx.com\/index.php\/wp-json\/wp\/v2\/users\/1"}],"replies":[{"embeddable":true,"href":"https:\/\/diariodigitalmx.com\/index.php\/wp-json\/wp\/v2\/comments?post=1588"}],"version-history":[{"count":1,"href":"https:\/\/diariodigitalmx.com\/index.php\/wp-json\/wp\/v2\/posts\/1588\/revisions"}],"predecessor-version":[{"id":1590,"href":"https:\/\/diariodigitalmx.com\/index.php\/wp-json\/wp\/v2\/posts\/1588\/revisions\/1590"}],"wp:featuredmedia":[{"embeddable":true,"href":"https:\/\/diariodigitalmx.com\/index.php\/wp-json\/wp\/v2\/media\/1589"}],"wp:attachment":[{"href":"https:\/\/diariodigitalmx.com\/index.php\/wp-json\/wp\/v2\/media?parent=1588"}],"wp:term":[{"taxonomy":"category","embeddable":true,"href":"https:\/\/diariodigitalmx.com\/index.php\/wp-json\/wp\/v2\/categories?post=1588"},{"taxonomy":"post_tag","embeddable":true,"href":"https:\/\/diariodigitalmx.com\/index.php\/wp-json\/wp\/v2\/tags?post=1588"}],"curies":[{"name":"wp","href":"https:\/\/api.w.org\/{rel}","templated":true}]}}