{"id":1591,"date":"2019-03-27T09:55:12","date_gmt":"2019-03-27T15:55:12","guid":{"rendered":"http:\/\/diariodigitalmx.com\/?p=1591"},"modified":"2019-03-27T09:55:13","modified_gmt":"2019-03-27T15:55:13","slug":"por-una-cultura-vial-que-disminuya-los-accidentes-viales-impulsa-festa-el-cambio-en-choferes","status":"publish","type":"post","link":"https:\/\/diariodigitalmx.com\/index.php\/2019\/03\/27\/por-una-cultura-vial-que-disminuya-los-accidentes-viales-impulsa-festa-el-cambio-en-choferes\/","title":{"rendered":"Por una cultura vial que disminuya  los accidentes viales; impulsa FESTA, el cambio en choferes"},"content":{"rendered":"\n<p>*Respeto a la Ley y reglamento  de tr\u00e1nsito que disminuya accidentes viales, pide Osvaldo Serna<\/p>\n\n\n\n<figure class=\"wp-block-image\"><img loading=\"lazy\" decoding=\"async\" width=\"720\" height=\"960\" src=\"http:\/\/diariodigitalmx.com\/wp-content\/uploads\/2019\/03\/2257ad7e-559b-4660-9ce8-94aa092a30cb.jpg\" alt=\"\" class=\"wp-image-1593\" srcset=\"https:\/\/diariodigitalmx.com\/wp-content\/uploads\/2019\/03\/2257ad7e-559b-4660-9ce8-94aa092a30cb.jpg 720w, https:\/\/diariodigitalmx.com\/wp-content\/uploads\/2019\/03\/2257ad7e-559b-4660-9ce8-94aa092a30cb-225x300.jpg 225w\" sizes=\"(max-width: 720px) 100vw, 720px\" \/><\/figure>\n\n\n\n<p>David Casas<br><\/p>\n\n\n\n<p>Monterrey, N. L- Los trabajadores\n del transporte de la Federaci\u00f3n Revolucionaria de Obreros y Campesinos (FROC), contin\u00faa con la capacitaci\u00f3n en cultura vial con el objetivo de reforzar los conocimientos en el manejo y el reglamento de tr\u00e1nsito.<br><\/p>\n\n\n\n<p>En una sinergia entre el municipio\n de Monterrey a trav\u00e9s de Tr\u00e1nsito regiomontano y la Federaci\u00f3n Estatal de Sindicatos de Trabajadores del Autotransporte que encabeza Osvaldo Serna Serv\u00edn, los taxistas de la Central de Autobuses y la base de taxistas Agust\u00edn Serna Serv\u00edn, de la colonia Independencia,\n recibieron la pl\u00e1tica impartida por el Capit\u00e1n Jos\u00e9 C\u00e1rdenas Buend\u00eda y Ana Elia Tovar, asistente del Departamento de Educaci\u00f3n y Cultura Vial.<br><\/p>\n\n\n\n<p>Otro de los objetivos es concientizar\n y sensibilizar a los conductores del transporte de la gran responsabilidad y el compromiso que tienen al transportar personas.<br><\/p>\n\n\n\n<p>\u201c Asumimos el compromiso de\n reforzar los conocimientos del manejo, de respetar la Ley y el reglamento de tr\u00e1nsito para concientizar y evitar los accidentes que no solo da\u00f1an al pasaje o al transe\u00fante, sino tambi\u00e9n a la familia del operador que se ve envuelto en problemas legales\u201d, explica\n Osvaldo Serna.<br><\/p>\n\n\n\n<p>Por ello, la capacitaci\u00f3n se\n mantendr\u00e1 y se har\u00e1 extensiva &nbsp;a los trabajadores de la industria y a los no asalariados.<br><\/p>\n\n\n\n<p>Choferes de taxi y de camiones\n est\u00e1n en sinton\u00eda con estas pl\u00e1ticas, pues urge el cambio a una cultura vial que le d\u00e9 prestigio a Monterrey en ese aspecto al disminuir los accidentes viales y sobre todo los riesgos, considera el diferente de la FESTA.<br><\/p>\n\n\n\n<p>De acuerdo al dirigente croquista,\n la modernidad en el parque vehicular tiene que &nbsp;ser extensiva a los operadores que, deben estar conscientes y mentalizados del respeto a la Ley, a la integridad de las personas y de ellos mismos.<\/p>\n\n\n\n<p><br><\/p>\n","protected":false},"excerpt":{"rendered":"<p>*Respeto a la Ley y reglamento de tr\u00e1nsito que disminuya accidentes viales, pide Osvaldo Serna David Casas Monterrey, N. L- Los trabajadores del transporte de la Federaci\u00f3n Revolucionaria de Obreros y Campesinos (FROC), contin\u00faa con la capacitaci\u00f3n en cultura vial con el objetivo de reforzar los conocimientos en el manejo y el reglamento de tr\u00e1nsito. [&hellip;]<\/p>\n","protected":false},"author":1,"featured_media":1592,"comment_status":"open","ping_status":"open","sticky":true,"template":"","format":"standard","meta":{"footnotes":""},"categories":[6,3],"tags":[],"_links":{"self":[{"href":"https:\/\/diariodigitalmx.com\/index.php\/wp-json\/wp\/v2\/posts\/1591"}],"collection":[{"href":"https:\/\/diariodigitalmx.com\/index.php\/wp-json\/wp\/v2\/posts"}],"about":[{"href":"https:\/\/diariodigitalmx.com\/index.php\/wp-json\/wp\/v2\/types\/post"}],"author":[{"embeddable":true,"href":"https:\/\/diariodigitalmx.com\/index.php\/wp-json\/wp\/v2\/users\/1"}],"replies":[{"embeddable":true,"href":"https:\/\/diariodigitalmx.com\/index.php\/wp-json\/wp\/v2\/comments?post=1591"}],"version-history":[{"count":1,"href":"https:\/\/diariodigitalmx.com\/index.php\/wp-json\/wp\/v2\/posts\/1591\/revisions"}],"predecessor-version":[{"id":1594,"href":"https:\/\/diariodigitalmx.com\/index.php\/wp-json\/wp\/v2\/posts\/1591\/revisions\/1594"}],"wp:featuredmedia":[{"embeddable":true,"href":"https:\/\/diariodigitalmx.com\/index.php\/wp-json\/wp\/v2\/media\/1592"}],"wp:attachment":[{"href":"https:\/\/diariodigitalmx.com\/index.php\/wp-json\/wp\/v2\/media?parent=1591"}],"wp:term":[{"taxonomy":"category","embeddable":true,"href":"https:\/\/diariodigitalmx.com\/index.php\/wp-json\/wp\/v2\/categories?post=1591"},{"taxonomy":"post_tag","embeddable":true,"href":"https:\/\/diariodigitalmx.com\/index.php\/wp-json\/wp\/v2\/tags?post=1591"}],"curies":[{"name":"wp","href":"https:\/\/api.w.org\/{rel}","templated":true}]}}