{"id":1595,"date":"2019-03-27T09:57:09","date_gmt":"2019-03-27T15:57:09","guid":{"rendered":"http:\/\/diariodigitalmx.com\/?p=1595"},"modified":"2019-03-27T09:57:11","modified_gmt":"2019-03-27T15:57:11","slug":"por-cierto-17","status":"publish","type":"post","link":"https:\/\/diariodigitalmx.com\/index.php\/2019\/03\/27\/por-cierto-17\/","title":{"rendered":"Por cierto&#8230;"},"content":{"rendered":"\n<p>\n\nOscar Tamez Rdz.&nbsp;\n\n<\/p>\n\n\n\n<p> Es oportuno le recuerden al pejidente sobre los riesgos de mantener la actual actitud de \u201ccomo digo una cosa, digo la otra\u201d.<\/p>\n\n\n\n<p> Vaya, que le recuerden los estragos causados por la bipolaridad de Vicente Fox y c\u00f3mo decir y desdecirse lo llev\u00f3 a un desgaste insorteable. Es que luego de dividir al pa\u00eds con su chistorete de exigir disculpas a los reyes borbones y al Papa, ahora convoca a la unidad.<\/p>\n\n\n\n<p> \u00c9l puede tener claro el guion de la estrategia pero sus seguidores se confunden con tanto mensaje cruzado. <\/p>\n\n\n\n<p>\u00a1De seguir por este rumbo, pagar\u00e1 las consecuencias en su imagen!, \u00bfLlegar\u00e1 fuerte a la revocaci\u00f3n?&#8230; <\/p>\n\n\n\n<p>Ya hay la primera baja por querer hacer pagar a Hern\u00e1n Cort\u00e9s, el Papa cancel\u00f3 la visita a M\u00e9xico en el marco del 5 centenario de la hispanidad. \u00bfSer\u00eda esa la intenci\u00f3n? <\/p>\n\n\n\n<p><a rel=\"noreferrer noopener\" href=\"http:\/\/www.estudiospoliticos.mx\/\" target=\"_blank\">www.estudiospoliticos.mx<\/a><\/p>\n\n\n\n<p><a rel=\"noreferrer noopener\" href=\"http:\/\/facebook.com\/EstudiosPoliticos.mx\" target=\"_blank\">Facebook.com\/EstudiosPoliticos.mx<\/a><\/p>\n\n\n\n<p>@EstudiosMx <\/p>\n","protected":false},"excerpt":{"rendered":"<p>Oscar Tamez Rdz.&nbsp; Es oportuno le recuerden al pejidente sobre los riesgos de mantener la actual actitud de \u201ccomo digo una cosa, digo la otra\u201d. Vaya, que le recuerden los estragos causados por la bipolaridad de Vicente Fox y c\u00f3mo decir y desdecirse lo llev\u00f3 a un desgaste insorteable. Es que luego de dividir al [&hellip;]<\/p>\n","protected":false},"author":1,"featured_media":1596,"comment_status":"open","ping_status":"open","sticky":true,"template":"","format":"standard","meta":{"footnotes":""},"categories":[12],"tags":[],"_links":{"self":[{"href":"https:\/\/diariodigitalmx.com\/index.php\/wp-json\/wp\/v2\/posts\/1595"}],"collection":[{"href":"https:\/\/diariodigitalmx.com\/index.php\/wp-json\/wp\/v2\/posts"}],"about":[{"href":"https:\/\/diariodigitalmx.com\/index.php\/wp-json\/wp\/v2\/types\/post"}],"author":[{"embeddable":true,"href":"https:\/\/diariodigitalmx.com\/index.php\/wp-json\/wp\/v2\/users\/1"}],"replies":[{"embeddable":true,"href":"https:\/\/diariodigitalmx.com\/index.php\/wp-json\/wp\/v2\/comments?post=1595"}],"version-history":[{"count":1,"href":"https:\/\/diariodigitalmx.com\/index.php\/wp-json\/wp\/v2\/posts\/1595\/revisions"}],"predecessor-version":[{"id":1597,"href":"https:\/\/diariodigitalmx.com\/index.php\/wp-json\/wp\/v2\/posts\/1595\/revisions\/1597"}],"wp:featuredmedia":[{"embeddable":true,"href":"https:\/\/diariodigitalmx.com\/index.php\/wp-json\/wp\/v2\/media\/1596"}],"wp:attachment":[{"href":"https:\/\/diariodigitalmx.com\/index.php\/wp-json\/wp\/v2\/media?parent=1595"}],"wp:term":[{"taxonomy":"category","embeddable":true,"href":"https:\/\/diariodigitalmx.com\/index.php\/wp-json\/wp\/v2\/categories?post=1595"},{"taxonomy":"post_tag","embeddable":true,"href":"https:\/\/diariodigitalmx.com\/index.php\/wp-json\/wp\/v2\/tags?post=1595"}],"curies":[{"name":"wp","href":"https:\/\/api.w.org\/{rel}","templated":true}]}}