{"id":15984,"date":"2019-11-04T16:24:19","date_gmt":"2019-11-04T22:24:19","guid":{"rendered":"http:\/\/diariodigitalmx.com\/?p=15984"},"modified":"2019-11-04T16:38:40","modified_gmt":"2019-11-04T22:38:40","slug":"nunca-han-andado-en-camion-los-que-deciden-el-alza-de-tarifas-camioneras-ocho-propusieron-el-16-7-de-incremento","status":"publish","type":"post","link":"https:\/\/diariodigitalmx.com\/index.php\/2019\/11\/04\/nunca-han-andado-en-camion-los-que-deciden-el-alza-de-tarifas-camioneras-ocho-propusieron-el-16-7-de-incremento\/","title":{"rendered":"Nunca han andado en cami\u00f3n los que deciden el alza de tarifas camioneras; ocho propusieron el 16.7 de incremento"},"content":{"rendered":"\n<p>David Casas<\/p>\n\n\n\n<p>Monterrey, N. L.- El alza del 16.7 por ciento a las\ntarifas del transporte urbano fue aprobada por la Comisi\u00f3n de Costos y\nProductividad de la Agencia Estatal del Transporte, que est\u00e1 integrada por ocho\nmiembros.<\/p>\n\n\n\n<p>Ellos votaron as\u00ed: A favor del alza el director de la\nAgencia Estatal del Transporte, No\u00e9 Ch\u00e1vez Montemayor, la directora de la misma\nagencia, Elizabeth Garza Mart\u00ednez, el transportista Jos\u00e9 Almaraz y el\nrepresentante del municipio panista de San Nicol\u00e1s de los Garza, revela Roc\u00edo\nMayb\u00e9 Montalvo, activista en contra del mal servicio camionero.<\/p>\n\n\n\n<p>En contra vot\u00f3 el representante del municipio de San\nPedro Garza Garc\u00eda, cuyo alcalde es independiente y se abstuvieron de votar los\norganismos privados Consejo C\u00edvico de las Instituciones, la C\u00e1mara de la\nIndustria de la Transformaci\u00f3n y la Coparmex.<\/p>\n\n\n\n<p>La votaci\u00f3n se hizo en una segunda ronda, pues en una\nprimera s\u00f3lo votaron los representantes de la Agencia Estatal del Transporte,\npero al ver los resultados, No\u00e9 Ch\u00e1vez, titular de la dependencia estatal\nconmin\u00f3 al representante trasportista a votar a favor, a los que \u00e9ste habr\u00eda contestado\nque no lo har\u00eda porque su propuesta era de un 47 por ciento de alza y no de dos\npesos.<\/p>\n\n\n\n<p>\u201cS\u00f3lo es para tener algo y presentarlo al pleno\u201d,\nhabr\u00eda revirado Ch\u00e1vez, quien convenci\u00f3 al transportista de sufragar a favor.<\/p>\n\n\n\n<p>\u201cEsa fue la forma en que votaron por la aprobaci\u00f3n del alza dentro de la comisi\u00f3n y ahora habr\u00e1 que esperar la reuni\u00f3n del pleno de la Agencia que tienen 42 integrantes, aunque siempre han votado 33\u201d, dice Roc\u00edo Mayb\u00e9 Montalvo, que dirige la organizaci\u00f3n \u00danete Pueblo, defensora de los usuarios quien tras muchos meses de lucha logr\u00f3 que se le incluyera s\u00f3lo con voz y sin voto.<\/p>\n\n\n\n<ul class=\"wp-block-gallery columns-1 is-cropped wp-block-gallery-1 is-layout-flex wp-block-gallery-is-layout-flex\"><li class=\"blocks-gallery-item\"><figure><img loading=\"lazy\" decoding=\"async\" width=\"650\" height=\"472\" src=\"http:\/\/diariodigitalmx.com\/wp-content\/uploads\/2019\/11\/Contra-el-alza-camionera.jpg\" alt=\"\" data-id=\"15989\" data-link=\"http:\/\/diariodigitalmx.com\/index.php\/2019\/11\/04\/nunca-han-andado-en-camion-los-que-deciden-el-alza-de-tarifas-camioneras-ocho-propusieron-el-16-7-de-incremento\/contra-el-alza-camionera\/\" class=\"wp-image-15989\" srcset=\"https:\/\/diariodigitalmx.com\/wp-content\/uploads\/2019\/11\/Contra-el-alza-camionera.jpg 650w, https:\/\/diariodigitalmx.com\/wp-content\/uploads\/2019\/11\/Contra-el-alza-camionera-300x218.jpg 300w\" sizes=\"(max-width: 650px) 100vw, 650px\" \/><\/figure><\/li><\/ul>\n\n\n\n<p>Ahora la dirigente tiene confianza en que no pase el\nalza de tarifas en la reuni\u00f3n del pleno que no tiene fecha a\u00fan y en donde se\nincluye a universidades, cuyos rectores han estado en contra en semanas\nanteriores.<\/p>\n\n\n\n<p>Seg\u00fan la activista los nueve integrantes del consejo\nque nunca asisten a las reuniones son entre otros fabricantes de cerveza, de\njabones y otros productos a los que, al parecer no les interesa participar.<\/p>\n\n\n\n<p>El aumento del 16.7 por ciento a las tarifas del\ntransporte p\u00fablico lo autoriz\u00f3 la comisi\u00f3n de costos del Consejo Estatal de\nTransporte y Vialidad (CETyV).<\/p>\n\n\n\n<p>No\u00e9 Ch\u00e1vez, director&nbsp;de la AET explic\u00f3&nbsp;que\nel aumento es de un peso para usuarios de Tarjeta Feria (prepago) y 2 pesos\npara el cobro en efectivo. De aprobarse, en el pleno, la tarifa en unidades\nclimatizadas pasar\u00eda de 12 a 14 pesos en el pago en efectivo&nbsp;y de 12 a 13\npesos en las unidades sin clima.<\/p>\n\n\n\n<p>El pago con Tarjeta Feria pasar\u00eda de 11.19 a 12.69\npesos en unidades con clima, y de 10.19 a 11.19 pesos en unidades sin clima,\nmientras que el costo preferente aumentar\u00eda un peso de manera general. Las\nrutas suburbanas no tendr\u00edan aumento.<\/p>\n","protected":false},"excerpt":{"rendered":"<p>David Casas Monterrey, N. L.- El alza del 16.7 por ciento a las tarifas del transporte urbano fue aprobada por la Comisi\u00f3n de Costos y Productividad de la Agencia Estatal del Transporte, que est\u00e1 integrada por ocho miembros. Ellos votaron as\u00ed: A favor del alza el director de la Agencia Estatal del Transporte, No\u00e9 Ch\u00e1vez [&hellip;]<\/p>\n","protected":false},"author":1,"featured_media":15988,"comment_status":"open","ping_status":"open","sticky":true,"template":"","format":"standard","meta":{"footnotes":""},"categories":[6,5],"tags":[],"_links":{"self":[{"href":"https:\/\/diariodigitalmx.com\/index.php\/wp-json\/wp\/v2\/posts\/15984"}],"collection":[{"href":"https:\/\/diariodigitalmx.com\/index.php\/wp-json\/wp\/v2\/posts"}],"about":[{"href":"https:\/\/diariodigitalmx.com\/index.php\/wp-json\/wp\/v2\/types\/post"}],"author":[{"embeddable":true,"href":"https:\/\/diariodigitalmx.com\/index.php\/wp-json\/wp\/v2\/users\/1"}],"replies":[{"embeddable":true,"href":"https:\/\/diariodigitalmx.com\/index.php\/wp-json\/wp\/v2\/comments?post=15984"}],"version-history":[{"count":2,"href":"https:\/\/diariodigitalmx.com\/index.php\/wp-json\/wp\/v2\/posts\/15984\/revisions"}],"predecessor-version":[{"id":15990,"href":"https:\/\/diariodigitalmx.com\/index.php\/wp-json\/wp\/v2\/posts\/15984\/revisions\/15990"}],"wp:featuredmedia":[{"embeddable":true,"href":"https:\/\/diariodigitalmx.com\/index.php\/wp-json\/wp\/v2\/media\/15988"}],"wp:attachment":[{"href":"https:\/\/diariodigitalmx.com\/index.php\/wp-json\/wp\/v2\/media?parent=15984"}],"wp:term":[{"taxonomy":"category","embeddable":true,"href":"https:\/\/diariodigitalmx.com\/index.php\/wp-json\/wp\/v2\/categories?post=15984"},{"taxonomy":"post_tag","embeddable":true,"href":"https:\/\/diariodigitalmx.com\/index.php\/wp-json\/wp\/v2\/tags?post=15984"}],"curies":[{"name":"wp","href":"https:\/\/api.w.org\/{rel}","templated":true}]}}