{"id":15991,"date":"2019-11-04T16:35:32","date_gmt":"2019-11-04T22:35:32","guid":{"rendered":"http:\/\/diariodigitalmx.com\/?p=15991"},"modified":"2019-11-04T16:36:52","modified_gmt":"2019-11-04T22:36:52","slug":"concluye-demanda-familiar-entre-hija-y-padre","status":"publish","type":"post","link":"https:\/\/diariodigitalmx.com\/index.php\/2019\/11\/04\/concluye-demanda-familiar-entre-hija-y-padre\/","title":{"rendered":"Concluye demanda familiar entre hija y padre"},"content":{"rendered":"\n<p>Monterrey, N. L.- La Demanda\nLaboral entablada por&nbsp;la ex ejecutiva Mar\u00eda Garza D\u00edaz contra \u201cHD Promociones\n\u201ccompa\u00f1\u00eda del reconocido promotor local Hern\u00e1n Echavarr\u00eda, padre de la\ndemandante,&nbsp;concluy\u00f3.<\/p>\n\n\n\n<p>De acuerdo a la informaci\u00f3n,\nlleg\u00f3 a su fin el pasado viernes tras la firma de un convenio de pago para liquidar&nbsp;los\nmontos requeridos por la demandante.<\/p>\n\n\n\n<p>El conflicto inici\u00f3 meses atr\u00e1s\ntras la demanda contra la compa\u00f1\u00eda, su propietario y compa\u00f1\u00edas afiliadas. El\ncaso llam\u00f3 la atenci\u00f3n&nbsp;dentro de la junta de conciliaci\u00f3n en el estado\npues es un hecho aislado y poco visto, las demandas de hijos contra&nbsp;padres\ny de mujeres contra padres.<\/p>\n","protected":false},"excerpt":{"rendered":"<p>Monterrey, N. L.- La Demanda Laboral entablada por&nbsp;la ex ejecutiva Mar\u00eda Garza D\u00edaz contra \u201cHD Promociones \u201ccompa\u00f1\u00eda del reconocido promotor local Hern\u00e1n Echavarr\u00eda, padre de la demandante,&nbsp;concluy\u00f3. De acuerdo a la informaci\u00f3n, lleg\u00f3 a su fin el pasado viernes tras la firma de un convenio de pago para liquidar&nbsp;los montos requeridos por la demandante. El [&hellip;]<\/p>\n","protected":false},"author":1,"featured_media":15992,"comment_status":"open","ping_status":"open","sticky":true,"template":"","format":"standard","meta":{"footnotes":""},"categories":[6,5],"tags":[],"_links":{"self":[{"href":"https:\/\/diariodigitalmx.com\/index.php\/wp-json\/wp\/v2\/posts\/15991"}],"collection":[{"href":"https:\/\/diariodigitalmx.com\/index.php\/wp-json\/wp\/v2\/posts"}],"about":[{"href":"https:\/\/diariodigitalmx.com\/index.php\/wp-json\/wp\/v2\/types\/post"}],"author":[{"embeddable":true,"href":"https:\/\/diariodigitalmx.com\/index.php\/wp-json\/wp\/v2\/users\/1"}],"replies":[{"embeddable":true,"href":"https:\/\/diariodigitalmx.com\/index.php\/wp-json\/wp\/v2\/comments?post=15991"}],"version-history":[{"count":1,"href":"https:\/\/diariodigitalmx.com\/index.php\/wp-json\/wp\/v2\/posts\/15991\/revisions"}],"predecessor-version":[{"id":15993,"href":"https:\/\/diariodigitalmx.com\/index.php\/wp-json\/wp\/v2\/posts\/15991\/revisions\/15993"}],"wp:featuredmedia":[{"embeddable":true,"href":"https:\/\/diariodigitalmx.com\/index.php\/wp-json\/wp\/v2\/media\/15992"}],"wp:attachment":[{"href":"https:\/\/diariodigitalmx.com\/index.php\/wp-json\/wp\/v2\/media?parent=15991"}],"wp:term":[{"taxonomy":"category","embeddable":true,"href":"https:\/\/diariodigitalmx.com\/index.php\/wp-json\/wp\/v2\/categories?post=15991"},{"taxonomy":"post_tag","embeddable":true,"href":"https:\/\/diariodigitalmx.com\/index.php\/wp-json\/wp\/v2\/tags?post=15991"}],"curies":[{"name":"wp","href":"https:\/\/api.w.org\/{rel}","templated":true}]}}