{"id":15994,"date":"2019-11-04T16:41:49","date_gmt":"2019-11-04T22:41:49","guid":{"rendered":"http:\/\/diariodigitalmx.com\/?p=15994"},"modified":"2019-11-04T16:45:06","modified_gmt":"2019-11-04T22:45:06","slug":"tres-de-cada-diez-servidores-publicos-presentan-alteraciones-en-la-prostata-issste","status":"publish","type":"post","link":"https:\/\/diariodigitalmx.com\/index.php\/2019\/11\/04\/tres-de-cada-diez-servidores-publicos-presentan-alteraciones-en-la-prostata-issste\/","title":{"rendered":"Tres de cada diez servidores p\u00fablicos presentan alteraciones en la pr\u00f3stata: ISSSTE"},"content":{"rendered":"\n<p>        En las 26 Jornadas de Bienestar \u201cEl&nbsp;<strong><em>ISSSTE<\/em><\/strong>&nbsp;Contigo\u201d se identific\u00f3 que 2 de cada 10 mujeres registran indicios de alg\u00fan tipo de c\u00e1ncer, inform\u00f3 el Director Normativo de Prestaciones Econ\u00f3micas, Sociales y Culturales, Edgar D\u00edaz Garcilazo<\/p>\n\n\n\n<p>\u00b7&nbsp;&nbsp;&nbsp;&nbsp;&nbsp;&nbsp;&nbsp;&nbsp;&nbsp;La instrucci\u00f3n del titular del Instituto,&nbsp;<strong><em>Luis Antonio Ram\u00edrez Pineda<\/em><\/strong>, es impulsar la prevenci\u00f3n y diagn\u00f3stico oportuno para evitar las enfermedades cr\u00f3nico-degenerativas, detall\u00f3.<\/p>\n\n\n\n<p>\u00b7&nbsp;&nbsp;&nbsp;&nbsp;&nbsp;&nbsp;&nbsp;&nbsp;&nbsp;La Directora General Adjunta en Materia de Remuneraciones de la SEP, Mar\u00eda Teresa L\u00f3pez Mata, exhort\u00f3 a los presentes a reflexionar sobre la importancia que le damos al autocuidado de la salud y la necesidad de vivir en equilibrio.&nbsp;&nbsp;&nbsp;<\/p>\n\n\n\n<p>En las 26 Jornadas de Bienestar \u201cEl&nbsp;<strong><em>ISSSTE<\/em><\/strong>&nbsp;Contigo\u201d que se han realizado en dependencias federales, organismos legislativos y electorales, se identific\u00f3 que tres de cada 10 hombres presentaron alteraciones de la pr\u00f3stata; dos de cada 10 mujeres, indicios de alg\u00fan tipo de c\u00e1ncer, y 7 de cada 10 servidores p\u00fablicos obesidad, el cual es el principal factor para contraer alguna enfermedad cr\u00f3nico-degenerativa, inform\u00f3 el Director Normativo de Prestaciones Econ\u00f3micas Sociales y Culturales del Instituto de Seguridad y Servicios Sociales de los Trabajadores del Estado, Edgar D\u00edaz Garcilazo.<\/p>\n\n\n\n<p>En representaci\u00f3n del Director General,&nbsp;<strong><em>Luis Antonio Ram\u00edrez Pineda<\/em><\/strong>, y al inaugurar esta jornada en las oficinas centrales de la Secretar\u00eda de Educaci\u00f3n P\u00fablica (SEP), el funcionario afirm\u00f3 que es prioritario sensibilizar a las y los mexicanos para que asuman la responsabilidad de cuidar su salud, pues el c\u00e1ncer y las enfermedades cr\u00f3nico-degenerativas no dan s\u00edntomas por varios a\u00f1os, en fases tempranas no duelen&nbsp; y es una de las razones por las que los pacientes llegan en etapas avanzadas y con complicaciones, he ah\u00ed la importancia del diagn\u00f3stico oportuno.<\/p>\n\n\n\n<p>Acompa\u00f1ado de Mar\u00eda Teresa L\u00f3pez Mata, Directora General Adjunta en Materia de Remuneraciones y representante del titular de la SEP, Esteban Moctezuma Barrag\u00e1n, D\u00edaz Garcilazo destac\u00f3 que el sector magisterial son la n\u00f3mina m\u00e1s grande de servidores p\u00fablicos que cotizan al Instituto, con m\u00e1s de 247 mil trabajadores en el pa\u00eds y sus respectivas familias; adem\u00e1s, por su contacto con el resto de la poblaci\u00f3n como educadores de la ni\u00f1ez y la juventud en el pa\u00eds, constituyen un sector estrat\u00e9gico al que el&nbsp;<strong><em>ISSSTE<\/em><\/strong>&nbsp;quiere impactar para fomentar la cultura preventiva de la salud.<\/p>\n\n\n\n<p>Por su parte, L\u00f3pez Mata exhort\u00f3 a los presentes a reflexionar sobre la importancia que le damos al autocuidado de la salud y la necesidad de vivir en equilibrio; reiter\u00f3 a los trabajadores que cuentan con el apoyo de las autoridades para aprovechar los servicios del Instituto y revisar c\u00f3mo est\u00e1 su expediente institucional para que puedan acudir a todos los servicios cuando los requieran.<\/p>\n\n\n\n<p>Los d\u00edas 29, 30 y 31 de octubre se realiz\u00f3 la Jornada de Bienestar \u201cEl&nbsp;<strong><em>ISSSTE<\/em><\/strong>&nbsp;Contigo\u201d en la SEP, donde se brinda atenci\u00f3n m\u00e9dica gratuita a toda la poblaci\u00f3n y administrativa para beneficio de m\u00e1s de 9 mil trabajadores al servicio del Estado. Cuenta con m\u00e1s de 11 servicios como nutrici\u00f3n, vacunas, planificaci\u00f3n familiar, detecci\u00f3n oportuna de c\u00e1ncer, hipertensi\u00f3n, diabetes, entre otros, as\u00ed como informaci\u00f3n de FOVISSSTE, TURISSSTE, PENSIONISSSTE y SUPERISSSTE.&nbsp;<\/p>\n","protected":false},"excerpt":{"rendered":"<p>En las 26 Jornadas de Bienestar \u201cEl&nbsp;ISSSTE&nbsp;Contigo\u201d se identific\u00f3 que 2 de cada 10 mujeres registran indicios de alg\u00fan tipo de c\u00e1ncer, inform\u00f3 el Director Normativo de Prestaciones Econ\u00f3micas, Sociales y Culturales, Edgar D\u00edaz Garcilazo \u00b7&nbsp;&nbsp;&nbsp;&nbsp;&nbsp;&nbsp;&nbsp;&nbsp;&nbsp;La instrucci\u00f3n del titular del Instituto,&nbsp;Luis Antonio Ram\u00edrez Pineda, es impulsar la prevenci\u00f3n y diagn\u00f3stico oportuno para evitar las enfermedades [&hellip;]<\/p>\n","protected":false},"author":1,"featured_media":16002,"comment_status":"open","ping_status":"open","sticky":true,"template":"","format":"standard","meta":{"footnotes":""},"categories":[2],"tags":[],"_links":{"self":[{"href":"https:\/\/diariodigitalmx.com\/index.php\/wp-json\/wp\/v2\/posts\/15994"}],"collection":[{"href":"https:\/\/diariodigitalmx.com\/index.php\/wp-json\/wp\/v2\/posts"}],"about":[{"href":"https:\/\/diariodigitalmx.com\/index.php\/wp-json\/wp\/v2\/types\/post"}],"author":[{"embeddable":true,"href":"https:\/\/diariodigitalmx.com\/index.php\/wp-json\/wp\/v2\/users\/1"}],"replies":[{"embeddable":true,"href":"https:\/\/diariodigitalmx.com\/index.php\/wp-json\/wp\/v2\/comments?post=15994"}],"version-history":[{"count":7,"href":"https:\/\/diariodigitalmx.com\/index.php\/wp-json\/wp\/v2\/posts\/15994\/revisions"}],"predecessor-version":[{"id":16003,"href":"https:\/\/diariodigitalmx.com\/index.php\/wp-json\/wp\/v2\/posts\/15994\/revisions\/16003"}],"wp:featuredmedia":[{"embeddable":true,"href":"https:\/\/diariodigitalmx.com\/index.php\/wp-json\/wp\/v2\/media\/16002"}],"wp:attachment":[{"href":"https:\/\/diariodigitalmx.com\/index.php\/wp-json\/wp\/v2\/media?parent=15994"}],"wp:term":[{"taxonomy":"category","embeddable":true,"href":"https:\/\/diariodigitalmx.com\/index.php\/wp-json\/wp\/v2\/categories?post=15994"},{"taxonomy":"post_tag","embeddable":true,"href":"https:\/\/diariodigitalmx.com\/index.php\/wp-json\/wp\/v2\/tags?post=15994"}],"curies":[{"name":"wp","href":"https:\/\/api.w.org\/{rel}","templated":true}]}}