{"id":16035,"date":"2019-11-05T10:09:39","date_gmt":"2019-11-05T16:09:39","guid":{"rendered":"http:\/\/diariodigitalmx.com\/?p=16035"},"modified":"2019-11-05T10:13:16","modified_gmt":"2019-11-05T16:13:16","slug":"supera-cancer-edgardo-del-villar","status":"publish","type":"post","link":"https:\/\/diariodigitalmx.com\/index.php\/2019\/11\/05\/supera-cancer-edgardo-del-villar\/","title":{"rendered":"Supera cancer Edgardo del Villar"},"content":{"rendered":"\n<p>Edgardo del Villar, conductor de Telemundo, confirm\u00f3 a trav\u00e9s de su cuenta de Instagram que est\u00e1 libre de c\u00e1ncer. El presentador toc\u00f3 la t\u00edpica campana que colocan en los hospitales y que los pacientes curados hacen sonar, para celebrar que ya la enfermedad no se encuentra en sus cuerpos.<\/p>\n\n\n\n<p><br><\/p>\n\n\n\n<figure class=\"wp-block-image\"><img loading=\"lazy\" decoding=\"async\" width=\"888\" height=\"1024\" src=\"http:\/\/diariodigitalmx.com\/wp-content\/uploads\/2019\/11\/Screenshot_20191105-1003132-2-888x1024.png\" alt=\"\" class=\"wp-image-16043\" srcset=\"https:\/\/diariodigitalmx.com\/wp-content\/uploads\/2019\/11\/Screenshot_20191105-1003132-2-888x1024.png 888w, https:\/\/diariodigitalmx.com\/wp-content\/uploads\/2019\/11\/Screenshot_20191105-1003132-2-260x300.png 260w, https:\/\/diariodigitalmx.com\/wp-content\/uploads\/2019\/11\/Screenshot_20191105-1003132-2-768x885.png 768w, https:\/\/diariodigitalmx.com\/wp-content\/uploads\/2019\/11\/Screenshot_20191105-1003132-2.png 982w\" sizes=\"(max-width: 888px) 100vw, 888px\" \/><\/figure>\n\n\n\n<p>El presentador inform\u00f3 as\u00ed, que ya la primera fase fue culminada y agradeci\u00f3 al personal del hospital, a sus compa\u00f1eros de Telemundo y a su esposa, la tambi\u00e9n periodista Carolina Novoa.<br><\/p>\n\n\n\n<p>Su compa\u00f1era, Mar\u00eda Celeste Arrar\u00e1s,\u00a0 as\u00ed como tambi\u00e9n La Flaca, Lili Estefan celebraron la noticia.<\/p>\n\n\n\n<p><br><\/p>\n\n\n\n<figure class=\"wp-block-image\"><img loading=\"lazy\" decoding=\"async\" width=\"812\" height=\"1024\" src=\"http:\/\/diariodigitalmx.com\/wp-content\/uploads\/2019\/11\/edgardo-del-villar-1-812x1024.jpg\" alt=\"\" class=\"wp-image-16045\" srcset=\"https:\/\/diariodigitalmx.com\/wp-content\/uploads\/2019\/11\/edgardo-del-villar-1.jpg 812w, https:\/\/diariodigitalmx.com\/wp-content\/uploads\/2019\/11\/edgardo-del-villar-1-238x300.jpg 238w, https:\/\/diariodigitalmx.com\/wp-content\/uploads\/2019\/11\/edgardo-del-villar-1-768x969.jpg 768w\" sizes=\"(max-width: 812px) 100vw, 812px\" \/><\/figure>\n\n\n\n<p>Edgardo del Villar habr\u00eda sido diagnosticado con varios tumores en la cabeza, por lo que se tuvo que someter a una larga cirug\u00eda de 7 horas. Posteriormente, le realizaron sesiones de radioterapia, las cuales culmin\u00f3 satisfactoriamente. \u00a1En horabuena por Edgardo!<\/p>\n","protected":false},"excerpt":{"rendered":"<p>Edgardo del Villar, conductor de Telemundo, confirm\u00f3 a trav\u00e9s de su cuenta de Instagram que est\u00e1 libre de c\u00e1ncer. El presentador toc\u00f3 la t\u00edpica campana que colocan en los hospitales y que los pacientes curados hacen sonar, para celebrar que ya la enfermedad no se encuentra en sus cuerpos. El presentador inform\u00f3 as\u00ed, que ya [&hellip;]<\/p>\n","protected":false},"author":1,"featured_media":16042,"comment_status":"open","ping_status":"open","sticky":false,"template":"","format":"standard","meta":{"footnotes":""},"categories":[9,5],"tags":[],"_links":{"self":[{"href":"https:\/\/diariodigitalmx.com\/index.php\/wp-json\/wp\/v2\/posts\/16035"}],"collection":[{"href":"https:\/\/diariodigitalmx.com\/index.php\/wp-json\/wp\/v2\/posts"}],"about":[{"href":"https:\/\/diariodigitalmx.com\/index.php\/wp-json\/wp\/v2\/types\/post"}],"author":[{"embeddable":true,"href":"https:\/\/diariodigitalmx.com\/index.php\/wp-json\/wp\/v2\/users\/1"}],"replies":[{"embeddable":true,"href":"https:\/\/diariodigitalmx.com\/index.php\/wp-json\/wp\/v2\/comments?post=16035"}],"version-history":[{"count":3,"href":"https:\/\/diariodigitalmx.com\/index.php\/wp-json\/wp\/v2\/posts\/16035\/revisions"}],"predecessor-version":[{"id":16046,"href":"https:\/\/diariodigitalmx.com\/index.php\/wp-json\/wp\/v2\/posts\/16035\/revisions\/16046"}],"wp:featuredmedia":[{"embeddable":true,"href":"https:\/\/diariodigitalmx.com\/index.php\/wp-json\/wp\/v2\/media\/16042"}],"wp:attachment":[{"href":"https:\/\/diariodigitalmx.com\/index.php\/wp-json\/wp\/v2\/media?parent=16035"}],"wp:term":[{"taxonomy":"category","embeddable":true,"href":"https:\/\/diariodigitalmx.com\/index.php\/wp-json\/wp\/v2\/categories?post=16035"},{"taxonomy":"post_tag","embeddable":true,"href":"https:\/\/diariodigitalmx.com\/index.php\/wp-json\/wp\/v2\/tags?post=16035"}],"curies":[{"name":"wp","href":"https:\/\/api.w.org\/{rel}","templated":true}]}}