{"id":1604,"date":"2019-03-27T11:12:32","date_gmt":"2019-03-27T17:12:32","guid":{"rendered":"http:\/\/diariodigitalmx.com\/?p=1604"},"modified":"2019-03-27T11:12:33","modified_gmt":"2019-03-27T17:12:33","slug":"trasladan-reos-de-n-l-a-coahuila-y-morelos","status":"publish","type":"post","link":"https:\/\/diariodigitalmx.com\/index.php\/2019\/03\/27\/trasladan-reos-de-n-l-a-coahuila-y-morelos\/","title":{"rendered":"Trasladan reos de N L a Coahuila y Morelos"},"content":{"rendered":"\n<p>Monterrey, N. L- &nbsp; Con cuatro\noperativos y con medidas de seguridad estrictas, de los tres penales de Nuevo Le\u00f3n &nbsp;y en el Centro \u00danico para Mujeres (CUM) m\u00e1s de 500 internos fueron trasladados a penitenciarias\n de los estados de Morelos y Coahuila.<br><\/p>\n\n\n\n<figure class=\"wp-block-image\"><img loading=\"lazy\" decoding=\"async\" width=\"660\" height=\"440\" src=\"http:\/\/diariodigitalmx.com\/wp-content\/uploads\/2019\/03\/6f76c5aa-2965-4153-b6f2-7340b8e49feb.jpg\" alt=\"\" class=\"wp-image-1606\" srcset=\"https:\/\/diariodigitalmx.com\/wp-content\/uploads\/2019\/03\/6f76c5aa-2965-4153-b6f2-7340b8e49feb.jpg 660w, https:\/\/diariodigitalmx.com\/wp-content\/uploads\/2019\/03\/6f76c5aa-2965-4153-b6f2-7340b8e49feb-300x200.jpg 300w\" sizes=\"(max-width: 660px) 100vw, 660px\" \/><\/figure>\n\n\n\n<p>Aunque no se dieron problemas\n mayores,ven determinado momento &nbsp;familiares de los reos pretendieron detener el operativo al colocarse &nbsp;en las puertas de salida.<br><\/p>\n\n\n\n<p>Extraoficialmente se supo que\n &nbsp;del Penal de Topo Chico fueron trasladados 300 internos, del de Apodaca 90 y del de Cadereyta 82. De este total de &nbsp;472 reos federales, destac\u00f3, se encuentran l\u00edderes de c\u00e9lulas delictivas.<br><\/p>\n\n\n\n<p>Los internos habr\u00edan sido llevados\n &nbsp;por carretera al Centro Federal de Readaptaci\u00f3n Social n\u00famero 18, ubicado en el Ejido Mesillas, en Ramos Arizpe, Coahuila.<br>\n<br>\n<\/p>\n\n\n\n<p>Por lo que respecta a 40 internas\n del CUM ser\u00edan trasladadas v\u00eda a\u00e9rea a las al Centro Federal de Readaptaci\u00f3n Social Femenil n\u00famero 16, en el municipio de Coatl\u00e1n del R\u00edo, en el Estado de &nbsp;Morelos.<\/p>\n\n\n\n<p><br>\nLos operativos fueron supervisados por personal de &nbsp;la Comisi\u00f3n Estatal de los Derechos Humanos,\n asociaciones civiles y mandos policiales de los tres niveles de gobierno y participaron adem\u00e1s, &nbsp;mil 600 elementos estatales, federales y militares. Se utilizados 19 autobuses y decenas de patrullas y veh\u00edculos especiales blindados.<br>\n<br>\nSe dijo que se contrat\u00f3 un avi\u00f3n para el traslado de las internas al Penal de Morelos.<br><\/p>\n\n\n\n<p>En un momento determinado familiares\n de reos intentaron parar el operativo al bloquear la salida pero no pas\u00f3 a mayores y ahora los penales estatales quedan con &nbsp;poco m\u00e1s de siete mil internos.\n<br><\/p>\n","protected":false},"excerpt":{"rendered":"<p>Monterrey, N. L- &nbsp; Con cuatro operativos y con medidas de seguridad estrictas, de los tres penales de Nuevo Le\u00f3n &nbsp;y en el Centro \u00danico para Mujeres (CUM) m\u00e1s de 500 internos fueron trasladados a penitenciarias de los estados de Morelos y Coahuila. Aunque no se dieron problemas mayores,ven determinado momento &nbsp;familiares de los reos [&hellip;]<\/p>\n","protected":false},"author":1,"featured_media":1605,"comment_status":"open","ping_status":"open","sticky":true,"template":"","format":"standard","meta":{"footnotes":""},"categories":[6,3],"tags":[],"_links":{"self":[{"href":"https:\/\/diariodigitalmx.com\/index.php\/wp-json\/wp\/v2\/posts\/1604"}],"collection":[{"href":"https:\/\/diariodigitalmx.com\/index.php\/wp-json\/wp\/v2\/posts"}],"about":[{"href":"https:\/\/diariodigitalmx.com\/index.php\/wp-json\/wp\/v2\/types\/post"}],"author":[{"embeddable":true,"href":"https:\/\/diariodigitalmx.com\/index.php\/wp-json\/wp\/v2\/users\/1"}],"replies":[{"embeddable":true,"href":"https:\/\/diariodigitalmx.com\/index.php\/wp-json\/wp\/v2\/comments?post=1604"}],"version-history":[{"count":1,"href":"https:\/\/diariodigitalmx.com\/index.php\/wp-json\/wp\/v2\/posts\/1604\/revisions"}],"predecessor-version":[{"id":1607,"href":"https:\/\/diariodigitalmx.com\/index.php\/wp-json\/wp\/v2\/posts\/1604\/revisions\/1607"}],"wp:featuredmedia":[{"embeddable":true,"href":"https:\/\/diariodigitalmx.com\/index.php\/wp-json\/wp\/v2\/media\/1605"}],"wp:attachment":[{"href":"https:\/\/diariodigitalmx.com\/index.php\/wp-json\/wp\/v2\/media?parent=1604"}],"wp:term":[{"taxonomy":"category","embeddable":true,"href":"https:\/\/diariodigitalmx.com\/index.php\/wp-json\/wp\/v2\/categories?post=1604"},{"taxonomy":"post_tag","embeddable":true,"href":"https:\/\/diariodigitalmx.com\/index.php\/wp-json\/wp\/v2\/tags?post=1604"}],"curies":[{"name":"wp","href":"https:\/\/api.w.org\/{rel}","templated":true}]}}