{"id":16078,"date":"2019-11-05T12:16:22","date_gmt":"2019-11-05T18:16:22","guid":{"rendered":"http:\/\/diariodigitalmx.com\/?p=16078"},"modified":"2019-11-05T12:16:50","modified_gmt":"2019-11-05T18:16:50","slug":"la-venta-de-autos-en-su-peor-nivel-en-los-ultimos-cinco-anos","status":"publish","type":"post","link":"https:\/\/diariodigitalmx.com\/index.php\/2019\/11\/05\/la-venta-de-autos-en-su-peor-nivel-en-los-ultimos-cinco-anos\/","title":{"rendered":"La venta de autos en su peor nivel en los \u00faltimos cinco a\u00f1os"},"content":{"rendered":"\n<p>La venta de autom\u00f3viles registr\u00f3 su peor nivel en\noctubre al colocar apenas 107 mil 094 unidades, alrededor de 8.9 por ciento\nmenos que en el mismo periodo del a\u00f1o pasado, cuando alcanz\u00f3 las 117 mil 586\nunidades. Lo anterior, coloc\u00f3 esta cifra como la m\u00e1s baja de los \u00faltimos cinco\na\u00f1os, seg\u00fan inform\u00f3 el&nbsp;<a href=\"https:\/\/www.inegi.org.mx\/app\/saladeprensa\/noticia.html?id=5284\">Instituto Nacional\nde Estad\u00edstica y Geograf\u00eda<\/a>&nbsp;(Inegi).<\/p>\n\n\n\n<p>Con\nestas cifras, la industria automotriz suma 29 meses a la baja.<\/p>\n\n\n\n<p>En el\nacumulado de enero a octubre, las ventas pasaron de un mill\u00f3n 150 mil 511 a un\nmill\u00f3n 062 mil 487 autom\u00f3viles ligeros, lo que signific\u00f3 una baja de alrededor\nde&nbsp;&nbsp;7.7 por\nciento.<\/p>\n\n\n\n<p>En tanto,\nen su comparaci\u00f3n mensual, el Instituto explic\u00f3 que si bien las cifras\nsignificaron una reducci\u00f3n durante los \u00faltimos 12 meses, la industria report\u00f3\nuna recuperaci\u00f3n de 6.31 por ciento en comparaci\u00f3n con septiembre de 2019,\ncuando coloc\u00f3&nbsp;100 mil 737 autom\u00f3viles.<\/p>\n\n\n\n<p>Respecto\na ello, Guillermo Rosales, director general adjunto de la Asociaci\u00f3n Mexicana\nde Distribuidores de Automotores (AMDA), anticip\u00f3 que las ca\u00eddas en la venta de\nautom\u00f3viles debido a que factores determinantes para que las personas adquieran\nun auto nuevo no se han modificado, como el empleo, los ingresos y las\nexpectativas econ\u00f3micas.<\/p>\n\n\n\n<p>Para el\ndirectivo sigue influyendo la incertidumbre general que tiene M\u00e9xico, la cual\nafecta a la econom\u00eda de las familias y su decisi\u00f3n de consumir bienes duraderos.\nOtro factor que afecta de manera negativa es el encarecimiento del cr\u00e9dito\nautomotriz.<\/p>\n\n\n\n<p>Debido\na esta situaci\u00f3n, Rosales advirti\u00f3 que tienen previsto llegar a un mill\u00f3n 300\nmil unidades al cierre de a\u00f1o, luego de que consideraban 200 mil m\u00e1s para\nterminar 2019; pero asegur\u00f3 que dichos factores no permitir\u00e1n este objetivo,\npero todav\u00eda puede ir a la baja y que la crisis se prolongue hasta los primeros\nmeses de 2020.<\/p>\n\n\n\n<p>Se\u00f1al\u00f3\nque las presiones, como la ratificaci\u00f3n del&nbsp;T-MEC&nbsp;y la guerra\ncomercial entre Estados Unidos y China, tienen una repercusi\u00f3n importante en la\nindustria nacional, que ha tenido los peores septiembre y octubre en cinco a\u00f1os.<\/p>\n\n\n\n<p>Cabe\nmencionar que Nissan lider\u00f3 el mercado automotriz, con 20.4 por ciento; sin\nembargo, sus ventas cayeron 8.1 por ciento al comercializar s\u00f3lo 22 mil 536\nunidades; en segundo lugar apareci\u00f3 General Motors, con una participaci\u00f3n de\n15.8 por ciento; pero tambi\u00e9n tuvo una ca\u00edda de 13.8 por ciento, con 16 mil 696\nautomotores distribuidos. En tercera posici\u00f3n se ubic\u00f3 Grupo Volkswagen, con\n13.8 por ciento del total vendido a nivel nacional, pero registr\u00f3 una\ndisminuci\u00f3n en ventas de 13.7 por ciento, con 16 mil 696 unidades a lo largo de\n2019.<\/p>\n","protected":false},"excerpt":{"rendered":"<p>La venta de autom\u00f3viles registr\u00f3 su peor nivel en octubre al colocar apenas 107 mil 094 unidades, alrededor de 8.9 por ciento menos que en el mismo periodo del a\u00f1o pasado, cuando alcanz\u00f3 las 117 mil 586 unidades. Lo anterior, coloc\u00f3 esta cifra como la m\u00e1s baja de los \u00faltimos cinco a\u00f1os, seg\u00fan inform\u00f3 el&nbsp;Instituto [&hellip;]<\/p>\n","protected":false},"author":1,"featured_media":16080,"comment_status":"open","ping_status":"open","sticky":true,"template":"","format":"standard","meta":{"footnotes":""},"categories":[10,5],"tags":[],"_links":{"self":[{"href":"https:\/\/diariodigitalmx.com\/index.php\/wp-json\/wp\/v2\/posts\/16078"}],"collection":[{"href":"https:\/\/diariodigitalmx.com\/index.php\/wp-json\/wp\/v2\/posts"}],"about":[{"href":"https:\/\/diariodigitalmx.com\/index.php\/wp-json\/wp\/v2\/types\/post"}],"author":[{"embeddable":true,"href":"https:\/\/diariodigitalmx.com\/index.php\/wp-json\/wp\/v2\/users\/1"}],"replies":[{"embeddable":true,"href":"https:\/\/diariodigitalmx.com\/index.php\/wp-json\/wp\/v2\/comments?post=16078"}],"version-history":[{"count":1,"href":"https:\/\/diariodigitalmx.com\/index.php\/wp-json\/wp\/v2\/posts\/16078\/revisions"}],"predecessor-version":[{"id":16079,"href":"https:\/\/diariodigitalmx.com\/index.php\/wp-json\/wp\/v2\/posts\/16078\/revisions\/16079"}],"wp:featuredmedia":[{"embeddable":true,"href":"https:\/\/diariodigitalmx.com\/index.php\/wp-json\/wp\/v2\/media\/16080"}],"wp:attachment":[{"href":"https:\/\/diariodigitalmx.com\/index.php\/wp-json\/wp\/v2\/media?parent=16078"}],"wp:term":[{"taxonomy":"category","embeddable":true,"href":"https:\/\/diariodigitalmx.com\/index.php\/wp-json\/wp\/v2\/categories?post=16078"},{"taxonomy":"post_tag","embeddable":true,"href":"https:\/\/diariodigitalmx.com\/index.php\/wp-json\/wp\/v2\/tags?post=16078"}],"curies":[{"name":"wp","href":"https:\/\/api.w.org\/{rel}","templated":true}]}}