{"id":16128,"date":"2019-11-06T12:56:40","date_gmt":"2019-11-06T18:56:40","guid":{"rendered":"http:\/\/diariodigitalmx.com\/?p=16128"},"modified":"2019-11-06T12:57:05","modified_gmt":"2019-11-06T18:57:05","slug":"atacan-a-tres-mexicanos-en-jordania","status":"publish","type":"post","link":"https:\/\/diariodigitalmx.com\/index.php\/2019\/11\/06\/atacan-a-tres-mexicanos-en-jordania\/","title":{"rendered":"Atacan a tres mexicanos en Jordania"},"content":{"rendered":"\n<p>\n\nTres turistas mexicanos y una suiza, adem\u00e1s de un gu\u00eda y un guardia de seguridad, fueron apu\u00f1alados este mi\u00e9rcoles en el sitio arqueol\u00f3gico de Jerash, a unos 30 kil\u00f3metros al norte de Amm\u00e1n, y est\u00e1n recibiendo tratamiento m\u00e9dico, inform\u00f3 en un comunicado la Direcci\u00f3n de Seguridad P\u00fablica de&nbsp;Jordania.<\/p>\n\n\n\n<p>El segundo comunicado emitido hoy por ese organismo tras el incidente elev\u00f3 a seis las personas heridas por arma blanca y precis\u00f3 que son tres ciudadanos de nacionalidad mexicana y una mujer suiza, adem\u00e1s de un gu\u00eda tur\u00edstico y un guardia de seguridad.<\/p>\n\n\n\n<p>Todos ellos se encuentran hospitalizados, seg\u00fan la nota.<\/p>\n\n\n\n<p>El portavoz de ese organismo, Omar Sartawi, hab\u00eda asegurado a Efe anteriormente que los tres extranjeros no eran de nacionalidad espa\u00f1ola, sin querer ofrecer m\u00e1s detalles.<\/p>\n\n\n\n<p>Seg\u00fan la Direcci\u00f3n de Seguridad P\u00fablica jordana, el agresor es un hombre buscado por la justicia que, cuando las fuerzas de seguridad se dispon\u00edan a detenerle, atac\u00f3 a los visitantes.<br><\/p>\n","protected":false},"excerpt":{"rendered":"<p>Tres turistas mexicanos y una suiza, adem\u00e1s de un gu\u00eda y un guardia de seguridad, fueron apu\u00f1alados este mi\u00e9rcoles en el sitio arqueol\u00f3gico de Jerash, a unos 30 kil\u00f3metros al norte de Amm\u00e1n, y est\u00e1n recibiendo tratamiento m\u00e9dico, inform\u00f3 en un comunicado la Direcci\u00f3n de Seguridad P\u00fablica de&nbsp;Jordania. El segundo comunicado emitido hoy por ese [&hellip;]<\/p>\n","protected":false},"author":1,"featured_media":16130,"comment_status":"open","ping_status":"open","sticky":true,"template":"","format":"standard","meta":{"footnotes":""},"categories":[4,5],"tags":[],"_links":{"self":[{"href":"https:\/\/diariodigitalmx.com\/index.php\/wp-json\/wp\/v2\/posts\/16128"}],"collection":[{"href":"https:\/\/diariodigitalmx.com\/index.php\/wp-json\/wp\/v2\/posts"}],"about":[{"href":"https:\/\/diariodigitalmx.com\/index.php\/wp-json\/wp\/v2\/types\/post"}],"author":[{"embeddable":true,"href":"https:\/\/diariodigitalmx.com\/index.php\/wp-json\/wp\/v2\/users\/1"}],"replies":[{"embeddable":true,"href":"https:\/\/diariodigitalmx.com\/index.php\/wp-json\/wp\/v2\/comments?post=16128"}],"version-history":[{"count":1,"href":"https:\/\/diariodigitalmx.com\/index.php\/wp-json\/wp\/v2\/posts\/16128\/revisions"}],"predecessor-version":[{"id":16129,"href":"https:\/\/diariodigitalmx.com\/index.php\/wp-json\/wp\/v2\/posts\/16128\/revisions\/16129"}],"wp:featuredmedia":[{"embeddable":true,"href":"https:\/\/diariodigitalmx.com\/index.php\/wp-json\/wp\/v2\/media\/16130"}],"wp:attachment":[{"href":"https:\/\/diariodigitalmx.com\/index.php\/wp-json\/wp\/v2\/media?parent=16128"}],"wp:term":[{"taxonomy":"category","embeddable":true,"href":"https:\/\/diariodigitalmx.com\/index.php\/wp-json\/wp\/v2\/categories?post=16128"},{"taxonomy":"post_tag","embeddable":true,"href":"https:\/\/diariodigitalmx.com\/index.php\/wp-json\/wp\/v2\/tags?post=16128"}],"curies":[{"name":"wp","href":"https:\/\/api.w.org\/{rel}","templated":true}]}}