{"id":1619,"date":"2019-03-27T12:02:18","date_gmt":"2019-03-27T18:02:18","guid":{"rendered":"http:\/\/diariodigitalmx.com\/?p=1619"},"modified":"2019-03-27T12:02:20","modified_gmt":"2019-03-27T18:02:20","slug":"amlo-debio-escribir-carta-a-si-mismo-por-indios-explotados-vargas-llosa","status":"publish","type":"post","link":"https:\/\/diariodigitalmx.com\/index.php\/2019\/03\/27\/amlo-debio-escribir-carta-a-si-mismo-por-indios-explotados-vargas-llosa\/","title":{"rendered":"AMLO debi\u00f3 escribir carta a s\u00ed mismo por indios explotados: Vargas Llosa"},"content":{"rendered":"\n<p><strong>El premio Nobel peruano, destac\u00f3 que L\u00f3pez Obrador &#8220;no parece informado de que las grandes matanzas de indios no fueron s\u00f3lo en los a\u00f1os coloniales&#8230;&#8221;<\/strong><\/p>\n\n\n\n<p>El premio Nobel de Literatura, Mario Vargas Llosa, asegur\u00f3 que el presidente mexicano, Andr\u00e9s Manuel L\u00f3pez Obrador, debi\u00f3 escribir una carta para s\u00ed mismo en lugar de pedir al rey de Espa\u00f1a que se disculpe por los abusos cometidos en la conquista,&nbsp;<strong>ya que todav\u00eda hay miles de indios explotados en su pa\u00eds.<\/strong><\/p>\n\n\n\n<p>As\u00ed lo dijo este mi\u00e9rcoles el premio Nobel peruano durante su discurso en la ceremonia inaugural del VIII Congreso de la Lengua Espa\u00f1ola que se celebra en la ciudad argentina de C\u00f3rdoba,<strong>&nbsp;en referencia a la carta que L\u00f3pez Obrador remiti\u00f3 al rey de Espa\u00f1a y al papa Francisco, pidi\u00e9ndoles una disculpa por los abusos cometidos por los espa\u00f1oles durante la conquista.<\/strong><\/p>\n\n\n\n<p><strong>Tengo la impresi\u00f3n de que se equivoc\u00f3 de destinatarios, debi\u00f3 enviarse la carta a \u00e9l mismo y responder a la pregunta de por qu\u00e9 M\u00e9xico, que hace cinco siglos se incorpor\u00f3 al mundo occidental gracias a Espa\u00f1a tiene todav\u00eda tantos miles de indios marginados, pobres, ignorantes, explotados<\/strong><br><br><strong>&#8220;Es una pregunta que se puede hacer a casi todos los presidentes latinoamericanos&#8221;<\/strong>, indic\u00f3 el escritor, que agreg\u00f3:&nbsp;<strong>&#8220;el problema no est\u00e1 all\u00e1, en el pasado, ese problema no es el de los espa\u00f1oles de hoy, los que se quedaron en Espa\u00f1a&#8221;.<\/strong><br><br>Seg\u00fan Vargas Llosa, casi ninguno de los pa\u00edses latinoamericanos ha resuelto la&nbsp;<strong>&#8220;injusticia proverbial&#8221; de los indios en Am\u00e9rica, ni siquiera aquellos con una gran poblaci\u00f3n aborigen ni las poblaciones amaz\u00f3nicas donde siguen viviendo &#8220;en la edad de piedra&#8221;.<\/strong><br><br><strong>&#8220;Pero el problema no est\u00e1 all\u00e1, en el pasado de hace 500 a\u00f1os, est\u00e1 vivo hoy y nos golpea la conciencia a los latinoamericanos&#8221;&nbsp;<\/strong>por la incapacidad de resolverlo, recalc\u00f3.<br><br>El problema&nbsp;<strong>&#8220;no es el de los espa\u00f1oles de hoy, los que se quedaron en Espa\u00f1a; afecta fundamentalmente a los espa\u00f1oles que vinieron y se quedaron aqu\u00ed, los abuelos, bisabuelos y tatarabuelos de L\u00f3pez Obrador y los m\u00edos y los de millones de latinoamericanos que estamos orgullosos tener ancestros espa\u00f1oles&#8221;<\/strong>, insisti\u00f3.<\/p>\n\n\n\n<p><br>El presidente mexicano&nbsp;<strong>&#8220;no parece informado de que las grandes matanzas de indios no fueron s\u00f3lo en los a\u00f1os coloniales, algunos pa\u00edses como Argentina, Chile o la propia Per\u00fa cometieron matanzas espantosas de indios durante la Rep\u00fablica y que se han seguido cometiendo en la Amazon\u00eda en la \u00e9poca del caucho&#8221;,<\/strong>&nbsp;recalc\u00f3.<br><br><strong>&#8220;Ojal\u00e1 que cuando acabe su mandato L\u00f3pez Obrador los indios mexicanos tengan mejores condiciones de vida, hayan obtenido m\u00e1s oportunidades, mayor educaci\u00f3n, de tal manera que se haya levantado esa losa que les ha tenido discriminados a lo largo de tantos siglos&#8221;<\/strong>.<br><br>Los historiadores, ling\u00fcistas, soci\u00f3logos no se ponen de acuerdo sobre cu\u00e1ntas lenguas exist\u00edan en Am\u00e9rica a la llegada de los espa\u00f1oles y portugueses, y las sit\u00faan entre 1.500 y 3.000, record\u00f3 VargasLlosa, que asegur\u00f3 que los americanos&nbsp;<strong>&#8220;no se entend\u00edan y entonces se entremataban. Era una torre de Babel cuando llegaron los europeos y ba\u00f1ada en sangre&#8221;.<\/strong><br><br>Pero las controversias que ha generado la conquista desaparecen cuando se trata de la lengua:&nbsp;<strong>&#8220;nadie, creo, discute la importancia que signific\u00f3 para Am\u00e9rica el unir en una sola voluntad de expresi\u00f3n, en una sola lengua la extraordinaria diversidad que caracterizaba a este continente&#8221;,<\/strong>&nbsp;sostuvo el escritor y acad\u00e9mico.<\/p>\n\n\n\n<p>La lengua espa\u00f1ola, agreg\u00f3, no s\u00f3lo es un instrumento de comunicaci\u00f3n,<strong>&nbsp;&#8220;tambi\u00e9n son ciertos valores, conocimientos, porque con la cultura y con lengua espa\u00f1olas llegaron a nuestras costas muchas otras cosas, lleg\u00f3 Grecia, Arist\u00f3teles y Plat\u00f3n y Roma con sus juristas, el Renacimiento y valores que son lo mejor de esta cultura occidental de la cual es parte integrante y protagonista el espa\u00f1ol: la libertad, los derechos humanos, y una conciencia moral que juzga nuestros actos&#8221;.<\/strong><br><br>El VIII Congreso de la Lengua Espa\u00f1ola se celebra en el Teatro Libertador Juan San Mart\u00edn en la ciudad de C\u00f3rdoba y es presidido por el rey Felipe VI y el presidente de Argentina, Mauricio Macri.<\/p>\n","protected":false},"excerpt":{"rendered":"<p>El premio Nobel peruano, destac\u00f3 que L\u00f3pez Obrador &#8220;no parece informado de que las grandes matanzas de indios no fueron s\u00f3lo en los a\u00f1os coloniales&#8230;&#8221; El premio Nobel de Literatura, Mario Vargas Llosa, asegur\u00f3 que el presidente mexicano, Andr\u00e9s Manuel L\u00f3pez Obrador, debi\u00f3 escribir una carta para s\u00ed mismo en lugar de pedir al rey [&hellip;]<\/p>\n","protected":false},"author":1,"featured_media":1620,"comment_status":"open","ping_status":"open","sticky":true,"template":"","format":"standard","meta":{"footnotes":""},"categories":[4],"tags":[],"_links":{"self":[{"href":"https:\/\/diariodigitalmx.com\/index.php\/wp-json\/wp\/v2\/posts\/1619"}],"collection":[{"href":"https:\/\/diariodigitalmx.com\/index.php\/wp-json\/wp\/v2\/posts"}],"about":[{"href":"https:\/\/diariodigitalmx.com\/index.php\/wp-json\/wp\/v2\/types\/post"}],"author":[{"embeddable":true,"href":"https:\/\/diariodigitalmx.com\/index.php\/wp-json\/wp\/v2\/users\/1"}],"replies":[{"embeddable":true,"href":"https:\/\/diariodigitalmx.com\/index.php\/wp-json\/wp\/v2\/comments?post=1619"}],"version-history":[{"count":1,"href":"https:\/\/diariodigitalmx.com\/index.php\/wp-json\/wp\/v2\/posts\/1619\/revisions"}],"predecessor-version":[{"id":1621,"href":"https:\/\/diariodigitalmx.com\/index.php\/wp-json\/wp\/v2\/posts\/1619\/revisions\/1621"}],"wp:featuredmedia":[{"embeddable":true,"href":"https:\/\/diariodigitalmx.com\/index.php\/wp-json\/wp\/v2\/media\/1620"}],"wp:attachment":[{"href":"https:\/\/diariodigitalmx.com\/index.php\/wp-json\/wp\/v2\/media?parent=1619"}],"wp:term":[{"taxonomy":"category","embeddable":true,"href":"https:\/\/diariodigitalmx.com\/index.php\/wp-json\/wp\/v2\/categories?post=1619"},{"taxonomy":"post_tag","embeddable":true,"href":"https:\/\/diariodigitalmx.com\/index.php\/wp-json\/wp\/v2\/tags?post=1619"}],"curies":[{"name":"wp","href":"https:\/\/api.w.org\/{rel}","templated":true}]}}