{"id":16267,"date":"2019-11-07T11:11:20","date_gmt":"2019-11-07T17:11:20","guid":{"rendered":"http:\/\/diariodigitalmx.com\/?p=16267"},"modified":"2019-11-07T11:11:48","modified_gmt":"2019-11-07T17:11:48","slug":"urquidy-se-reune-con-amlo","status":"publish","type":"post","link":"https:\/\/diariodigitalmx.com\/index.php\/2019\/11\/07\/urquidy-se-reune-con-amlo\/","title":{"rendered":"Urquidy se re\u00fane con AMLO"},"content":{"rendered":"\n<p>Andr\u00e9s Manuel L\u00f3pez Obrador,\npresidente de M\u00e9xico recibi\u00f3 en Palacio Nacional al pitcher de los Astros de\nHouston, Jos\u00e9 Luis Urquidy y le reconoci\u00f3 su labor en la Serie Mundial, al\nconvertirse en el segundo lanzador mexicano en obtener una victoria en el Cl\u00e1sico\nde Oto\u00f1o, detr\u00e1s de Fernando Valenzuela.<br>\n<br>\nEl jefe del Ejecutivo\nfelicit\u00f3 al pelotero oriundo de Mazatl\u00e1n, resalt\u00f3 su trayectoria y el camino\nque ha recorrido a sus 24 a\u00f1os hasta llegar a la Gran Carpa. Adem\u00e1s de\nconsiderarlo como un ejemplo para los ni\u00f1os y j\u00f3venes deportistas que quieren\nsalir adelante.<br>\n<br>\nEl serpentinero le obsequi\u00f3\nsu franela y la del boricua Yadier Molina, catcher de los Cardenales de San\nLuis, equipo del cual el presidente es simpatizante.<br>\n<br>\nEl beisbolista sinaloense\nhizo historia en Ligas Mayores, al convertirse en el tercer mexicano en abrir\nun juego de Serie Mundial y el segundo en llevarse una victoria en el cl\u00e1sico\nde oto\u00f1o.<br>\nUrquidy fue el pitcher ganador del cuarto juego\ndel Cl\u00e1sico de Oto\u00f1o, cuando domin\u00f3 durante cinco entradas a los Nacionales de\nWashington en Nationals Park, que se quedaron con el cetro al ganar sus cuatro\npartidos como visitante en el Minute Maid Park, casa de los Astros de Houston.<\/p>\n","protected":false},"excerpt":{"rendered":"<p>Andr\u00e9s Manuel L\u00f3pez Obrador, presidente de M\u00e9xico recibi\u00f3 en Palacio Nacional al pitcher de los Astros de Houston, Jos\u00e9 Luis Urquidy y le reconoci\u00f3 su labor en la Serie Mundial, al convertirse en el segundo lanzador mexicano en obtener una victoria en el Cl\u00e1sico de Oto\u00f1o, detr\u00e1s de Fernando Valenzuela. El jefe del Ejecutivo felicit\u00f3 [&hellip;]<\/p>\n","protected":false},"author":1,"featured_media":16269,"comment_status":"open","ping_status":"open","sticky":true,"template":"","format":"standard","meta":{"footnotes":""},"categories":[8,5],"tags":[],"_links":{"self":[{"href":"https:\/\/diariodigitalmx.com\/index.php\/wp-json\/wp\/v2\/posts\/16267"}],"collection":[{"href":"https:\/\/diariodigitalmx.com\/index.php\/wp-json\/wp\/v2\/posts"}],"about":[{"href":"https:\/\/diariodigitalmx.com\/index.php\/wp-json\/wp\/v2\/types\/post"}],"author":[{"embeddable":true,"href":"https:\/\/diariodigitalmx.com\/index.php\/wp-json\/wp\/v2\/users\/1"}],"replies":[{"embeddable":true,"href":"https:\/\/diariodigitalmx.com\/index.php\/wp-json\/wp\/v2\/comments?post=16267"}],"version-history":[{"count":1,"href":"https:\/\/diariodigitalmx.com\/index.php\/wp-json\/wp\/v2\/posts\/16267\/revisions"}],"predecessor-version":[{"id":16268,"href":"https:\/\/diariodigitalmx.com\/index.php\/wp-json\/wp\/v2\/posts\/16267\/revisions\/16268"}],"wp:featuredmedia":[{"embeddable":true,"href":"https:\/\/diariodigitalmx.com\/index.php\/wp-json\/wp\/v2\/media\/16269"}],"wp:attachment":[{"href":"https:\/\/diariodigitalmx.com\/index.php\/wp-json\/wp\/v2\/media?parent=16267"}],"wp:term":[{"taxonomy":"category","embeddable":true,"href":"https:\/\/diariodigitalmx.com\/index.php\/wp-json\/wp\/v2\/categories?post=16267"},{"taxonomy":"post_tag","embeddable":true,"href":"https:\/\/diariodigitalmx.com\/index.php\/wp-json\/wp\/v2\/tags?post=16267"}],"curies":[{"name":"wp","href":"https:\/\/api.w.org\/{rel}","templated":true}]}}