{"id":16277,"date":"2019-11-07T11:31:21","date_gmt":"2019-11-07T17:31:21","guid":{"rendered":"http:\/\/diariodigitalmx.com\/?p=16277"},"modified":"2019-11-07T11:37:23","modified_gmt":"2019-11-07T17:37:23","slug":"un-premio-mas-para-cemex","status":"publish","type":"post","link":"https:\/\/diariodigitalmx.com\/index.php\/2019\/11\/07\/un-premio-mas-para-cemex\/","title":{"rendered":"Un premio m\u00e1s para CEMEX"},"content":{"rendered":"\n<p>\u2022 Recibi\u00f3 el Premio Ramazzini &amp; Carvalho por la construcci\u00f3n de\nsociedades m\u00e1s resilientes a&nbsp;trav\u00e9s de una gesti\u00f3n integral de riesgos de desastres<\/p>\n\n\n\n<p>\u2022 CEMEX es integrante del consejo global de Naciones Unidas para la\nReducci\u00f3n de Riesgos de&nbsp;Desastre&nbsp;<\/p>\n\n\n\n<p>David Casas<\/p>\n\n\n\n<p>Monterrey, N. L.- La cementera mexicana CEMEX, recibi\u00f3 el Premio\nRamazzini &amp; Carvalho por su estrategia de resiliencia de&nbsp;transformaci\u00f3n\nurbana y sus productos y servicios que contribuyen a construir sociedades\nresilientes,&nbsp;dentro del marco del Foro ARISE M\u00e9xico: Resiliencia para todos.<\/p>\n\n\n\n<p>El Premio reconoce que CEMEX ha impactado positivamente a m\u00e1s de 16.1\nmillones de personas en el&nbsp;mundo al mejorar su calidad de vida y\nbienestar. <\/p>\n\n\n\n<p>Tambi\u00e9n resalta que el compromiso de la compa\u00f1\u00eda es&nbsp;impactar positivamente a m\u00e1s personas con la creaci\u00f3n de alianzas estrat\u00e9gicas que permitan ofrecer recursos y experiencias al alcance de todos.<\/p>\n\n\n\n<p>El consorcio mexicano del cemento particip\u00f3 en el Foro ARISE M\u00e9xico:\nResiliencia para todos, promoviendo la sostenibilidad y la&nbsp;responsabilidad\nempresarial, dentro y fuera de las empresas para generar valor en los grupos de\ninter\u00e9s&nbsp;que favorezcan la construcci\u00f3n de un entorno m\u00e1s resiliente. De la misma\nmanera, busca promover un&nbsp;futuro sostenible a trav\u00e9s de diversos\nproyectos, estrategias y alianzas multisectoriales.<\/p>\n\n\n\n<p>\u201cContar con aliados estrat\u00e9gicos como CEMEX nos ha permitido crear la\nRed Nacional ARISE MX, la cual,&nbsp;con su liderazgo, representa actualmente\nuna de las redes m\u00e1s comprometidas con la vida y seguridad de&nbsp;las\npersonas, as\u00ed como con la protecci\u00f3n de los negocios en el pa\u00eds\u201d, afirm\u00f3 Mami\nMizutori, representante&nbsp;especial del Secretario de Naciones Unidas para la Reducci\u00f3n de Riesgos\nde Desastre (UNDRR por sus&nbsp;siglas en ingl\u00e9s).<\/p>\n\n\n\n<p>\u201cTener una gesti\u00f3n integral de riesgos de desastre que involucre a\nnuestros colaboradores, comunidades,&nbsp;gobiernos nacionales y locales,\nacademia, organizaciones de la sociedad civil y organismos\nmultilaterales,&nbsp;es el camino para favorecer la integridad y el bienestar\nde las personas. Se puede prevenir el impacto de&nbsp;los desastres\u201d, dijo\nMartha Herrera, directora de Responsabilidad Social Corporativa de CEMEX\ny&nbsp;directora del Centro CEMEX-Tec para el Desarrollo Sostenible.<\/p>\n\n\n\n<p>CEMEX enfoca sus esfuerzos en promover infraestructura resiliente y la\ninnovaci\u00f3n en el ecosistema de&nbsp;la construcci\u00f3n. A trav\u00e9s de\ninfraestructura sostenible y resiliente, genera valor compartido y\ncomunidades&nbsp;pr\u00f3speras. <\/p>\n\n\n\n<p>Comunidades y negocios resilientes son clave para el desarrollo\necon\u00f3mico local, por lo cual&nbsp;la participaci\u00f3n de CEMEX en ARISE global y\nen M\u00e9xico abona para la reducci\u00f3n de riesgo de desastres&nbsp;a nivel nacional\ny global, coincidieron.&nbsp;<\/p>\n","protected":false},"excerpt":{"rendered":"<p>\u2022 Recibi\u00f3 el Premio Ramazzini &amp; Carvalho por la construcci\u00f3n de sociedades m\u00e1s resilientes a&nbsp;trav\u00e9s de una gesti\u00f3n integral de riesgos de desastres \u2022 CEMEX es integrante del consejo global de Naciones Unidas para la Reducci\u00f3n de Riesgos de&nbsp;Desastre&nbsp; David Casas Monterrey, N. L.- La cementera mexicana CEMEX, recibi\u00f3 el Premio Ramazzini &amp; Carvalho por [&hellip;]<\/p>\n","protected":false},"author":1,"featured_media":16279,"comment_status":"open","ping_status":"open","sticky":true,"template":"","format":"standard","meta":{"footnotes":""},"categories":[10,5],"tags":[],"_links":{"self":[{"href":"https:\/\/diariodigitalmx.com\/index.php\/wp-json\/wp\/v2\/posts\/16277"}],"collection":[{"href":"https:\/\/diariodigitalmx.com\/index.php\/wp-json\/wp\/v2\/posts"}],"about":[{"href":"https:\/\/diariodigitalmx.com\/index.php\/wp-json\/wp\/v2\/types\/post"}],"author":[{"embeddable":true,"href":"https:\/\/diariodigitalmx.com\/index.php\/wp-json\/wp\/v2\/users\/1"}],"replies":[{"embeddable":true,"href":"https:\/\/diariodigitalmx.com\/index.php\/wp-json\/wp\/v2\/comments?post=16277"}],"version-history":[{"count":3,"href":"https:\/\/diariodigitalmx.com\/index.php\/wp-json\/wp\/v2\/posts\/16277\/revisions"}],"predecessor-version":[{"id":16282,"href":"https:\/\/diariodigitalmx.com\/index.php\/wp-json\/wp\/v2\/posts\/16277\/revisions\/16282"}],"wp:featuredmedia":[{"embeddable":true,"href":"https:\/\/diariodigitalmx.com\/index.php\/wp-json\/wp\/v2\/media\/16279"}],"wp:attachment":[{"href":"https:\/\/diariodigitalmx.com\/index.php\/wp-json\/wp\/v2\/media?parent=16277"}],"wp:term":[{"taxonomy":"category","embeddable":true,"href":"https:\/\/diariodigitalmx.com\/index.php\/wp-json\/wp\/v2\/categories?post=16277"},{"taxonomy":"post_tag","embeddable":true,"href":"https:\/\/diariodigitalmx.com\/index.php\/wp-json\/wp\/v2\/tags?post=16277"}],"curies":[{"name":"wp","href":"https:\/\/api.w.org\/{rel}","templated":true}]}}