{"id":16298,"date":"2019-11-07T17:06:30","date_gmt":"2019-11-07T23:06:30","guid":{"rendered":"http:\/\/diariodigitalmx.com\/?p=16298"},"modified":"2019-11-07T17:11:12","modified_gmt":"2019-11-07T23:11:12","slug":"senador-dice-que-diputada-se-le-sale-del-corral-luego-pide-perdon","status":"publish","type":"post","link":"https:\/\/diariodigitalmx.com\/index.php\/2019\/11\/07\/senador-dice-que-diputada-se-le-sale-del-corral-luego-pide-perdon\/","title":{"rendered":"Senador dice que diputada se le sale del corral; luego pide perd\u00f3n"},"content":{"rendered":"\n<p>*Otra vez en lo medi\u00e1tico Samuel Garc\u00eda<\/p>\n\n\n\n<p>David Casas<\/p>\n\n\n\n<p>Monterrey, N. L.- El senador de Movimiento Ciudadano Samuel Garc\u00eda, llam\u00f3 \u201cpersignada\u201d \u201cque se me sali\u00f3 del corral\u201d a la diputada local de ese partido Tabita Ortiz, y tras ser censurado por grupos defensores de la mujer, se disculp\u00f3 y dijo que \u00e9l fue el que se sali\u00f3 del corral.<\/p>\n\n\n\n<p>&nbsp;Aunque no dijo su nombre directamente, el legislador se refiri\u00f3 a la diputada nuevoleonesa durante&nbsp;un evento en el ITAM, en la Ciudad de M\u00e9xico y ah\u00ed rechaz\u00f3 incluir la objeci\u00f3n de conciencia en la Ley Estatal de Salud, a excepci\u00f3n de una diputada, en referencia a Ortiz.<\/p>\n\n\n\n<p>&#8220;A pesar de que una se me sali\u00f3 del corral, porque es s\u00faper persignada, la mayor\u00eda de mi bancada de MC en Nuevo Le\u00f3n s\u00ed vot\u00f3 a favor de quitar en la ley el parrafito que ven\u00eda la objeci\u00f3n de conciencia&#8221;, mencion\u00f3.<\/p>\n\n\n\n<p>Mientras tanto en redes sociales, la p\u00e1gina Mujeres+Mujeres, quienes eval\u00faan discursos machistas por parte de pol\u00edticos y medios de comunicaci\u00f3n, catalogaron la declaraci\u00f3n de Garc\u00eda como machista.<\/p>\n\n\n\n<p>&#8220;No podemos dejar de se\u00f1alar c\u00f3mo el Senador hizo una declaraci\u00f3n despectiva y machista, en la que se atribuye que una diputada est\u00e9 bajo su control y, por lo tanto, se sali\u00f3 de su territorio de poder, como si fuera animal de granja&#8221;, destaca.<\/p>\n\n\n\n<figure class=\"wp-block-image\"><img loading=\"lazy\" decoding=\"async\" width=\"785\" height=\"968\" src=\"http:\/\/diariodigitalmx.com\/wp-content\/uploads\/2019\/11\/Screenshot_20191107-1414252.png\" alt=\"\" class=\"wp-image-16303\" srcset=\"https:\/\/diariodigitalmx.com\/wp-content\/uploads\/2019\/11\/Screenshot_20191107-1414252.png 785w, https:\/\/diariodigitalmx.com\/wp-content\/uploads\/2019\/11\/Screenshot_20191107-1414252-243x300.png 243w, https:\/\/diariodigitalmx.com\/wp-content\/uploads\/2019\/11\/Screenshot_20191107-1414252-768x947.png 768w\" sizes=\"(max-width: 785px) 100vw, 785px\" \/><\/figure>\n\n\n\n<p>Luego de ser censurado en redes sociales y de obtener tres machitos en el Machit\u00f3metro, la herramienta de medici\u00f3n de discursos machistas de la colectiva Mujeres+Mujeres, el senador se disculp\u00f3.<br><br>&#8220;Una l\u00e1stima porque llev\u00e1bamos un buen debate y la verdad es que met\u00ed el pie con un dicho coloquial, un dicho de rancho. El que se sali\u00f3 del corral, pues fui yo y hago una disculpa p\u00fablica sincera\u201d.<br><br>&#8220;No deb\u00ed expresarme as\u00ed, ya que precisamente es Movimiento Ciudadano quien ha impulsado la igualdad y la lucha de g\u00e9nero tanto en Nuevo Le\u00f3n como a nivel nacional&#8221;.<br><br>A su vez, la diputada Ortiz inform\u00f3 que se puso en contacto con el legislador y se reunir\u00e1n para aclarar el asunto. &#8220;Cuando hay alg\u00fan tema o una diferencia prefiero platicarlo en persona, ya nos mensajeamos y vamos a platicar y aclarar el tema&#8221;.<\/p>\n\n\n\n<p>Tabita Ortiz dice que hay temas en los que los miembros de la bancada no van a coincidir, pero que siempre buscar\u00e1 el di\u00e1logo.<\/p>\n\n\n\n<p>&#8220;Yo siempre estuve consiente que tenemos diferencia de opini\u00f3n en diferentes temas y es algo que platicamos todos, en el momento en que estaba en proceso la decisi\u00f3n, estaba muy consciente y lo platicamos, que hay temas en los cuales no coincidimos, pero muchos m\u00e1s temas en los cuales si coincidimos y tenemos que luchar juntos&#8221;, indic\u00f3.<\/p>\n\n\n\n<p>&#8220;A m\u00ed no me han impuesto una l\u00ednea, no me han dado una l\u00ednea, de hecho, yo tengo la libertad de expresarme en los temas y posturas que ellos ya conocen que yo tengo y nunca ha sido como un \u00b4no puedes expresarte as\u00ed\u00b4&#8221;, coment\u00f3.<\/p>\n\n\n\n<p>Por su parte, Familias Fuertes Unidas Por M\u00e9xico reprob\u00f3 las declaraciones del senador Samuel Garc\u00eda y a trav\u00e9s de redes sociales se\u00f1ala que insultan y atentan contra \u201cnuestra FE y agraden a la representaci\u00f3n femenina y a la cristiana en el Congreso del Estado\u201d.<\/p>\n\n\n\n<p>Le recordamos a Samuel Garc\u00eda que estamos auditando ideol\u00f3gicamente a los pol\u00edticos y a sus partidos. Te notificamos Samuel: #Has Quedado Auditado #Con Aborto No Te Voto\u00b4\u00b4, agregaron.<\/p>\n\n\n\n<p>Diputadas de Acci\u00f3n Nacional tambi\u00e9n reprobaron las declaraciones del legislador.<\/p>\n\n\n\n<p><br><\/p>\n","protected":false},"excerpt":{"rendered":"<p>*Otra vez en lo medi\u00e1tico Samuel Garc\u00eda David Casas Monterrey, N. L.- El senador de Movimiento Ciudadano Samuel Garc\u00eda, llam\u00f3 \u201cpersignada\u201d \u201cque se me sali\u00f3 del corral\u201d a la diputada local de ese partido Tabita Ortiz, y tras ser censurado por grupos defensores de la mujer, se disculp\u00f3 y dijo que \u00e9l fue el que [&hellip;]<\/p>\n","protected":false},"author":1,"featured_media":16302,"comment_status":"open","ping_status":"open","sticky":false,"template":"","format":"standard","meta":{"footnotes":""},"categories":[6,5],"tags":[],"_links":{"self":[{"href":"https:\/\/diariodigitalmx.com\/index.php\/wp-json\/wp\/v2\/posts\/16298"}],"collection":[{"href":"https:\/\/diariodigitalmx.com\/index.php\/wp-json\/wp\/v2\/posts"}],"about":[{"href":"https:\/\/diariodigitalmx.com\/index.php\/wp-json\/wp\/v2\/types\/post"}],"author":[{"embeddable":true,"href":"https:\/\/diariodigitalmx.com\/index.php\/wp-json\/wp\/v2\/users\/1"}],"replies":[{"embeddable":true,"href":"https:\/\/diariodigitalmx.com\/index.php\/wp-json\/wp\/v2\/comments?post=16298"}],"version-history":[{"count":5,"href":"https:\/\/diariodigitalmx.com\/index.php\/wp-json\/wp\/v2\/posts\/16298\/revisions"}],"predecessor-version":[{"id":16306,"href":"https:\/\/diariodigitalmx.com\/index.php\/wp-json\/wp\/v2\/posts\/16298\/revisions\/16306"}],"wp:featuredmedia":[{"embeddable":true,"href":"https:\/\/diariodigitalmx.com\/index.php\/wp-json\/wp\/v2\/media\/16302"}],"wp:attachment":[{"href":"https:\/\/diariodigitalmx.com\/index.php\/wp-json\/wp\/v2\/media?parent=16298"}],"wp:term":[{"taxonomy":"category","embeddable":true,"href":"https:\/\/diariodigitalmx.com\/index.php\/wp-json\/wp\/v2\/categories?post=16298"},{"taxonomy":"post_tag","embeddable":true,"href":"https:\/\/diariodigitalmx.com\/index.php\/wp-json\/wp\/v2\/tags?post=16298"}],"curies":[{"name":"wp","href":"https:\/\/api.w.org\/{rel}","templated":true}]}}