{"id":16307,"date":"2019-11-07T20:43:01","date_gmt":"2019-11-08T02:43:01","guid":{"rendered":"http:\/\/diariodigitalmx.com\/?p=16307"},"modified":"2019-11-07T20:46:10","modified_gmt":"2019-11-08T02:46:10","slug":"16307","status":"publish","type":"post","link":"https:\/\/diariodigitalmx.com\/index.php\/2019\/11\/07\/16307\/","title":{"rendered":"Dan reconocimiento a Escobedo por sus pol\u00edticas, estrategias y pr\u00e1cticas de seguridad"},"content":{"rendered":"\n<p><br><\/p>\n\n\n\n<p>Por tener una buena gesti\u00f3n de las pol\u00edticas p\u00fablicas y servicios de calidad en materia de Seguridad, el Municipio de Escobedo fue reconocido en la tercera edici\u00f3n de los Premios Nacionales de Seguridad y Emergencias de M\u00e9xico.<br><\/p>\n\n\n\n<p>La Administraci\u00f3n de la Alcaldesa Clara Luz Flores Carrales fue galardonada en la categor\u00eda Gesti\u00f3n de los Servicios de Seguridad P\u00fablica, que se entrega a las corporaciones m\u00e1s sobresalientes por sus logros, contribuci\u00f3n a mejorar la seguridad, atenci\u00f3n a emergencias y generaci\u00f3n de buenas pr\u00e1cticas.<\/p>\n\n\n\n<p><br><\/p>\n\n\n\n<figure class=\"wp-block-image\"><img loading=\"lazy\" decoding=\"async\" width=\"426\" height=\"608\" src=\"http:\/\/diariodigitalmx.com\/wp-content\/uploads\/2019\/11\/IMG_0002.jpg\" alt=\"\" class=\"wp-image-16314\" srcset=\"https:\/\/diariodigitalmx.com\/wp-content\/uploads\/2019\/11\/IMG_0002.jpg 426w, https:\/\/diariodigitalmx.com\/wp-content\/uploads\/2019\/11\/IMG_0002-210x300.jpg 210w\" sizes=\"(max-width: 426px) 100vw, 426px\" \/><\/figure>\n\n\n\n<p>Al recibir la distinci\u00f3n, organizada por la USECNETWORK International Magazine, en la Ciudad de M\u00e9xico, el Secretario de Seguridad Ciudadana y Justicia C\u00edvica, el General Hermelindo Lara, destac\u00f3 el trabajo coordinado y propositivo que ha realizado la Presidenta municipal desde hace una d\u00e9cada para colocar a Escobedo como uno de los municipios m\u00e1s seguros del Pa\u00eds.&nbsp;<br><\/p>\n\n\n\n<p>\u201cHace 10 a\u00f1os, el Municipio de Escobedo y todo el Estado de Nuevo Le\u00f3n se encontraba en crisis de Seguridad\u201d, dijo.<\/p>\n\n\n\n<p><br><\/p>\n\n\n\n<figure class=\"wp-block-image\"><img loading=\"lazy\" decoding=\"async\" width=\"486\" height=\"588\" src=\"http:\/\/diariodigitalmx.com\/wp-content\/uploads\/2019\/11\/IMG_0004.jpg\" alt=\"\" class=\"wp-image-16316\" srcset=\"https:\/\/diariodigitalmx.com\/wp-content\/uploads\/2019\/11\/IMG_0004.jpg 486w, https:\/\/diariodigitalmx.com\/wp-content\/uploads\/2019\/11\/IMG_0004-248x300.jpg 248w\" sizes=\"(max-width: 486px) 100vw, 486px\" \/><\/figure>\n\n\n\n<p>\u201cEntr\u00f3 en mandato municipal la licenciada Clara Luz Flores Carrales, una mujer muy valiente, una mujer que empez\u00f3 a ver otra forma de tomar la seguridad p\u00fablica municipal y estuvimos transitando por diferentes lugares, dentro y fuera del Pa\u00eds, a fin de buscar una forma diferente de llevar la seguridad\u201d.<br><\/p>\n\n\n\n<p>Datos de la Encuesta Nacional de Seguridad P\u00fablica Urbana (ENSU) del INEGI, mantienen a Escobedo como una de las ciudades m\u00e1s seguras de M\u00e9xico.<br><\/p>\n\n\n\n<p>En cada actualizaci\u00f3n de la encuesta, la percepci\u00f3n de inseguridad disminuye.<br><\/p>\n\n\n\n<p><br><\/p>\n\n\n\n<figure class=\"wp-block-image\"><img loading=\"lazy\" decoding=\"async\" width=\"855\" height=\"820\" src=\"http:\/\/diariodigitalmx.com\/wp-content\/uploads\/2019\/11\/IMG_0003.jpg\" alt=\"\" class=\"wp-image-16318\" srcset=\"https:\/\/diariodigitalmx.com\/wp-content\/uploads\/2019\/11\/IMG_0003.jpg 855w, https:\/\/diariodigitalmx.com\/wp-content\/uploads\/2019\/11\/IMG_0003-300x288.jpg 300w, https:\/\/diariodigitalmx.com\/wp-content\/uploads\/2019\/11\/IMG_0003-768x737.jpg 768w\" sizes=\"(max-width: 855px) 100vw, 855px\" \/><\/figure>\n\n\n\n<p>Desde su primera Administraci\u00f3n, la Seguridad ha sido uno de los ejes rectores en los gobiernos de Flores Carrales.<br><\/p>\n\n\n\n<p>Entre sus logros se destaca el impulso al nuevo Modelo Nacional de Polic\u00eda y Justicia C\u00edvica, la creaci\u00f3n del Sistema Seguridad Integral para los Ciudadanos (SIC), ser el primer municipio del Pa\u00eds en contar con una Polic\u00eda Investigadora y el modelo Puerta Violeta, el cual ser\u00e1 replicado a nivel nacional.&nbsp;<br><\/p>\n\n\n\n<p>Entre los distinguidos en diferentes categor\u00edas tambi\u00e9n estuvieron la Secretar\u00eda de Seguridad Ciudadana de la Ciudad de M\u00e9xico y la Secretar\u00eda de Seguridad P\u00fablica de Quintana Roo,&nbsp; entre otros.&nbsp;<br><\/p>\n","protected":false},"excerpt":{"rendered":"<p>Por tener una buena gesti\u00f3n de las pol\u00edticas p\u00fablicas y servicios de calidad en materia de Seguridad, el Municipio de Escobedo fue reconocido en la tercera edici\u00f3n de los Premios Nacionales de Seguridad y Emergencias de M\u00e9xico. La Administraci\u00f3n de la Alcaldesa Clara Luz Flores Carrales fue galardonada en la categor\u00eda Gesti\u00f3n de los Servicios [&hellip;]<\/p>\n","protected":false},"author":1,"featured_media":16312,"comment_status":"open","ping_status":"open","sticky":false,"template":"","format":"standard","meta":{"footnotes":""},"categories":[6],"tags":[],"_links":{"self":[{"href":"https:\/\/diariodigitalmx.com\/index.php\/wp-json\/wp\/v2\/posts\/16307"}],"collection":[{"href":"https:\/\/diariodigitalmx.com\/index.php\/wp-json\/wp\/v2\/posts"}],"about":[{"href":"https:\/\/diariodigitalmx.com\/index.php\/wp-json\/wp\/v2\/types\/post"}],"author":[{"embeddable":true,"href":"https:\/\/diariodigitalmx.com\/index.php\/wp-json\/wp\/v2\/users\/1"}],"replies":[{"embeddable":true,"href":"https:\/\/diariodigitalmx.com\/index.php\/wp-json\/wp\/v2\/comments?post=16307"}],"version-history":[{"count":6,"href":"https:\/\/diariodigitalmx.com\/index.php\/wp-json\/wp\/v2\/posts\/16307\/revisions"}],"predecessor-version":[{"id":16319,"href":"https:\/\/diariodigitalmx.com\/index.php\/wp-json\/wp\/v2\/posts\/16307\/revisions\/16319"}],"wp:featuredmedia":[{"embeddable":true,"href":"https:\/\/diariodigitalmx.com\/index.php\/wp-json\/wp\/v2\/media\/16312"}],"wp:attachment":[{"href":"https:\/\/diariodigitalmx.com\/index.php\/wp-json\/wp\/v2\/media?parent=16307"}],"wp:term":[{"taxonomy":"category","embeddable":true,"href":"https:\/\/diariodigitalmx.com\/index.php\/wp-json\/wp\/v2\/categories?post=16307"},{"taxonomy":"post_tag","embeddable":true,"href":"https:\/\/diariodigitalmx.com\/index.php\/wp-json\/wp\/v2\/tags?post=16307"}],"curies":[{"name":"wp","href":"https:\/\/api.w.org\/{rel}","templated":true}]}}