{"id":16344,"date":"2019-11-08T12:19:52","date_gmt":"2019-11-08T18:19:52","guid":{"rendered":"http:\/\/diariodigitalmx.com\/?p=16344"},"modified":"2019-11-08T12:22:51","modified_gmt":"2019-11-08T18:22:51","slug":"el-consumo-privado-cayo-0-3-en-agosto","status":"publish","type":"post","link":"https:\/\/diariodigitalmx.com\/index.php\/2019\/11\/08\/el-consumo-privado-cayo-0-3-en-agosto\/","title":{"rendered":"El consumo privado cay\u00f3 0.3 % en agosto"},"content":{"rendered":"\n<p>El&nbsp;<a href=\"https:\/\/www.inegi.org.mx\/app\/saladeprensa\/noticia.html?id=5311\">Indicador Mensual del Consumo Privado en el Mercado Interior<\/a>&nbsp;(<strong>IMCPMI<\/strong>) disminuy\u00f3 0.3 por ciento durante agosto de 2019 frente al mes inmediato anterior, con cifras desestacionalizadas, inform\u00f3 el&nbsp;<a href=\"https:\/\/www.inegi.org.mx\/app\/saladeprensa\/noticia.html?id=5311\">Instituto Nacional de Estad\u00edstica y Geograf\u00eda<\/a>&nbsp;(<strong>Inegi<\/strong>).<\/p>\n\n\n\n<p><\/p>\n\n\n\n<figure class=\"wp-block-image\"><img loading=\"lazy\" decoding=\"async\" width=\"492\" height=\"304\" src=\"http:\/\/diariodigitalmx.com\/wp-content\/uploads\/2019\/11\/consumo-interno-agosto.png\" alt=\"\" class=\"wp-image-16346\" srcset=\"https:\/\/diariodigitalmx.com\/wp-content\/uploads\/2019\/11\/consumo-interno-agosto.png 492w, https:\/\/diariodigitalmx.com\/wp-content\/uploads\/2019\/11\/consumo-interno-agosto-300x185.png 300w\" sizes=\"(max-width: 492px) 100vw, 492px\" \/><\/figure>\n\n\n\n<p>Por componentes, el\nconsumo en Bienes de origen importado se redujo 4.1 por ciento, en tanto que en\nBienes y Servicios de origen nacional aument\u00f3 0.1 por ciento en el octavo mes\ndel presente a\u00f1o respecto al mes previo, seg\u00fan datos ajustados por\nestacionalidad.<\/p>\n\n\n\n<p>En su comparaci\u00f3n anual, el&nbsp;<a href=\"https:\/\/www.inegi.org.mx\/app\/saladeprensa\/noticia.html?id=5311\">IMCPMI<\/a>&nbsp;mostr\u00f3\nun avance real de 0.1 por ciento en el mes de referencia, detall\u00f3 la\ninstituci\u00f3n en un reporte.<\/p>\n\n\n\n<p>A su interior, los gastos en\nBienes y Servicios nacionales tuvieron un alza de 0.3 por ciento (los gastos en\nBienes se elevaron 0.9 por ciento, mientras que en Servicios bajaron 0.5 por\nciento) y en Bienes de origen importado cayeron 1 por ciento con relaci\u00f3n a los\ndel mes de agosto de 2018.<\/p>\n\n\n\n<p>Cabe recordar que, durante el d\u00e9cimo mes del a\u00f1o, la&nbsp;<a href=\"https:\/\/www.inegi.org.mx\/app\/saladeprensa\/noticia.html?id=5308\">inflaci\u00f3n anual<\/a>&nbsp;se\nubic\u00f3 en 3.02 por ciento; cifra que por segundo mes consecutivo la ubica dentro\nde la meta del&nbsp;<a href=\"https:\/\/www.razon.com.mx\/negocios\/inflacion-alcanza-3-02-en-linea-con-banxico\/\">Banco de M\u00e9xico<\/a>&nbsp;(<strong>Banxico<\/strong>).<\/p>\n\n\n\n<p>En octubre, el&nbsp;<a href=\"https:\/\/www.inegi.org.mx\/app\/saladeprensa\/noticia.html?id=5308\">\u00cdndice Nacional de\nPrecios al Consumidor<\/a>&nbsp;(INPC) report\u00f3 un alza de 0.54 por ciento\ncon relaci\u00f3n al mes inmediato anterior.<\/p>\n\n\n\n<p><\/p>\n","protected":false},"excerpt":{"rendered":"<p>El&nbsp;Indicador Mensual del Consumo Privado en el Mercado Interior&nbsp;(IMCPMI) disminuy\u00f3 0.3 por ciento durante agosto de 2019 frente al mes inmediato anterior, con cifras desestacionalizadas, inform\u00f3 el&nbsp;Instituto Nacional de Estad\u00edstica y Geograf\u00eda&nbsp;(Inegi). Por componentes, el consumo en Bienes de origen importado se redujo 4.1 por ciento, en tanto que en Bienes y Servicios de origen [&hellip;]<\/p>\n","protected":false},"author":1,"featured_media":16349,"comment_status":"open","ping_status":"open","sticky":true,"template":"","format":"standard","meta":{"footnotes":""},"categories":[10,5],"tags":[],"_links":{"self":[{"href":"https:\/\/diariodigitalmx.com\/index.php\/wp-json\/wp\/v2\/posts\/16344"}],"collection":[{"href":"https:\/\/diariodigitalmx.com\/index.php\/wp-json\/wp\/v2\/posts"}],"about":[{"href":"https:\/\/diariodigitalmx.com\/index.php\/wp-json\/wp\/v2\/types\/post"}],"author":[{"embeddable":true,"href":"https:\/\/diariodigitalmx.com\/index.php\/wp-json\/wp\/v2\/users\/1"}],"replies":[{"embeddable":true,"href":"https:\/\/diariodigitalmx.com\/index.php\/wp-json\/wp\/v2\/comments?post=16344"}],"version-history":[{"count":3,"href":"https:\/\/diariodigitalmx.com\/index.php\/wp-json\/wp\/v2\/posts\/16344\/revisions"}],"predecessor-version":[{"id":16350,"href":"https:\/\/diariodigitalmx.com\/index.php\/wp-json\/wp\/v2\/posts\/16344\/revisions\/16350"}],"wp:featuredmedia":[{"embeddable":true,"href":"https:\/\/diariodigitalmx.com\/index.php\/wp-json\/wp\/v2\/media\/16349"}],"wp:attachment":[{"href":"https:\/\/diariodigitalmx.com\/index.php\/wp-json\/wp\/v2\/media?parent=16344"}],"wp:term":[{"taxonomy":"category","embeddable":true,"href":"https:\/\/diariodigitalmx.com\/index.php\/wp-json\/wp\/v2\/categories?post=16344"},{"taxonomy":"post_tag","embeddable":true,"href":"https:\/\/diariodigitalmx.com\/index.php\/wp-json\/wp\/v2\/tags?post=16344"}],"curies":[{"name":"wp","href":"https:\/\/api.w.org\/{rel}","templated":true}]}}