{"id":1646,"date":"2019-03-28T09:50:32","date_gmt":"2019-03-28T15:50:32","guid":{"rendered":"http:\/\/diariodigitalmx.com\/?p=1646"},"modified":"2019-03-28T09:50:33","modified_gmt":"2019-03-28T15:50:33","slug":"policias-de-fuerza-civil-agreden-a-fotoperiodista-gremio-periodistico-reprueba-hechos-y-exigen-garantias-para-realizar-su-trabajo","status":"publish","type":"post","link":"https:\/\/diariodigitalmx.com\/index.php\/2019\/03\/28\/policias-de-fuerza-civil-agreden-a-fotoperiodista-gremio-periodistico-reprueba-hechos-y-exigen-garantias-para-realizar-su-trabajo\/","title":{"rendered":"Polic\u00edas de Fuerza Civil agreden a fotoperiodista; gremio period\u00edstico reprueba hechos y exigen garant\u00edas para realizar su trabajo"},"content":{"rendered":"\n<p>La Asociaci\u00f3n Periodistas de Nuevo Le\u00f3n A.C. reprob\u00f3 firmemente la dolosa actitud de elementos de Fuerza Civil que atentaron contra la libertad de expresi\u00f3n y el libre ejercicio de la profesi\u00f3n period\u00edstica en contra de\u00a0 Ra\u00fal Palacios, fotoperiodista del Peri\u00f3dico Milenio, quien fue obligado a borrar las fotograf\u00edas que reci\u00e9n hab\u00eda tomado en el conflicto del Penal del Topo Chico.<br>&#8220;No es el primer incidente donde miembros de la corporaci\u00f3n polic\u00edaca entorpecen la labor de los periodistas, y ser\u00eda grave que dicha actitud policial fuera producto de una l\u00ednea de conducta dictada desde alg\u00fan mando&#8221;, recuerda Francisco Z\u00fa\u00f1iga, presidente de la organizaci\u00f3n period\u00edstica.<br>&#8220;Los periodistas, como cualquier otro profesional, requerimos garant\u00edas para ejercer su labor informativa, y ser agredido por quienes tienen la obligaci\u00f3n de salvaguardar esa seguridad es atentatorio a los derechos humanos&#8221;, destaca.<br>Los periodistas agremiados en la Asociaci\u00f3n demandan\u00a0 la intervenci\u00f3n del Secretario de Seguridad P\u00fablica en Nuevo Le\u00f3n, Aldo Fasci Zuazua, para que se investigue y sancione la agresi\u00f3n contra el compa\u00f1ero Ra\u00fal Palacios. <\/p>\n","protected":false},"excerpt":{"rendered":"<p>La Asociaci\u00f3n Periodistas de Nuevo Le\u00f3n A.C. reprob\u00f3 firmemente la dolosa actitud de elementos de Fuerza Civil que atentaron contra la libertad de expresi\u00f3n y el libre ejercicio de la profesi\u00f3n period\u00edstica en contra de\u00a0 Ra\u00fal Palacios, fotoperiodista del Peri\u00f3dico Milenio, quien fue obligado a borrar las fotograf\u00edas que reci\u00e9n hab\u00eda tomado en el conflicto [&hellip;]<\/p>\n","protected":false},"author":1,"featured_media":1647,"comment_status":"open","ping_status":"open","sticky":true,"template":"","format":"standard","meta":{"footnotes":""},"categories":[6,3],"tags":[],"_links":{"self":[{"href":"https:\/\/diariodigitalmx.com\/index.php\/wp-json\/wp\/v2\/posts\/1646"}],"collection":[{"href":"https:\/\/diariodigitalmx.com\/index.php\/wp-json\/wp\/v2\/posts"}],"about":[{"href":"https:\/\/diariodigitalmx.com\/index.php\/wp-json\/wp\/v2\/types\/post"}],"author":[{"embeddable":true,"href":"https:\/\/diariodigitalmx.com\/index.php\/wp-json\/wp\/v2\/users\/1"}],"replies":[{"embeddable":true,"href":"https:\/\/diariodigitalmx.com\/index.php\/wp-json\/wp\/v2\/comments?post=1646"}],"version-history":[{"count":1,"href":"https:\/\/diariodigitalmx.com\/index.php\/wp-json\/wp\/v2\/posts\/1646\/revisions"}],"predecessor-version":[{"id":1648,"href":"https:\/\/diariodigitalmx.com\/index.php\/wp-json\/wp\/v2\/posts\/1646\/revisions\/1648"}],"wp:featuredmedia":[{"embeddable":true,"href":"https:\/\/diariodigitalmx.com\/index.php\/wp-json\/wp\/v2\/media\/1647"}],"wp:attachment":[{"href":"https:\/\/diariodigitalmx.com\/index.php\/wp-json\/wp\/v2\/media?parent=1646"}],"wp:term":[{"taxonomy":"category","embeddable":true,"href":"https:\/\/diariodigitalmx.com\/index.php\/wp-json\/wp\/v2\/categories?post=1646"},{"taxonomy":"post_tag","embeddable":true,"href":"https:\/\/diariodigitalmx.com\/index.php\/wp-json\/wp\/v2\/tags?post=1646"}],"curies":[{"name":"wp","href":"https:\/\/api.w.org\/{rel}","templated":true}]}}