{"id":16464,"date":"2019-11-10T20:18:44","date_gmt":"2019-11-11T02:18:44","guid":{"rendered":"http:\/\/diariodigitalmx.com\/?p=16464"},"modified":"2019-11-10T20:20:47","modified_gmt":"2019-11-11T02:20:47","slug":"mexico-ofrece-asilo-politico-a-evo-morales","status":"publish","type":"post","link":"https:\/\/diariodigitalmx.com\/index.php\/2019\/11\/10\/mexico-ofrece-asilo-politico-a-evo-morales\/","title":{"rendered":"M\u00e9xico ofrece asilo pol\u00edtico a Evo Morales"},"content":{"rendered":"\n<p>M\u00e9xico ofreci\u00f3 asilo pol\u00edtico a Evo Morales tras su renuncia a la presidencia de Bolivia y despu\u00e9s de que la embajada mexicana en La Paz acogiera a funcionarios y legisladores bolivianos, inform\u00f3 el canciller mexicano Marcelo Ebrard.<br><\/p>\n\n\n\n<p>&#8220;M\u00e9xico, de conformidad a su tradici\u00f3n de asilo y no intervenci\u00f3n, ha recibido a 20 personalidades del Ejecutivo y legislativo de Bolivia en la residencia oficial en La Paz, de as\u00ed decidirlo ofrecer\u00edamos asilo tambi\u00e9n a Evo Morales&#8221;, escribi\u00f3 Ebrard en su cuenta de Twitter.<\/p>\n\n\n\n<p><br><\/p>\n\n\n\n<figure class=\"wp-block-image\"><img loading=\"lazy\" decoding=\"async\" width=\"498\" height=\"1024\" src=\"http:\/\/diariodigitalmx.com\/wp-content\/uploads\/2019\/11\/IMG-20191110-WA0011-498x1024.jpg\" alt=\"\" class=\"wp-image-16469\" srcset=\"https:\/\/diariodigitalmx.com\/wp-content\/uploads\/2019\/11\/IMG-20191110-WA0011-498x1024.jpg 498w, https:\/\/diariodigitalmx.com\/wp-content\/uploads\/2019\/11\/IMG-20191110-WA0011-146x300.jpg 146w, https:\/\/diariodigitalmx.com\/wp-content\/uploads\/2019\/11\/IMG-20191110-WA0011.jpg 540w\" sizes=\"(max-width: 498px) 100vw, 498px\" \/><\/figure>\n\n\n\n<p>En un mensaje previo, Ebrard denunci\u00f3 que en Bolivia &#8220;hay una operaci\u00f3n militar en curso&#8221; y calific\u00f3 lo ocurrido de &#8220;golpe&#8221;.<br><\/p>\n\n\n\n<p>El presidente, Andr\u00e9s Manuel L\u00f3pez Obrador, alab\u00f3 a Morales en Twitter por haber renunciado para apaciguar la agitada situaci\u00f3n en Bolivia, sacudida por manifestaciones opositoras, un mot\u00edn de polic\u00edas y el llamado de militares para que renunciara.<br><\/p>\n\n\n\n<p>&#8220;Reconocemos la actitud responsable del presidente de Bolivia, Evo Morales, quien prefiri\u00f3 renunciar a exponer a su pueblo a la violencia&#8221;, escribi\u00f3 L\u00f3pez Obrador.<br><\/p>\n\n\n\n<p>El mandatario izquierdista dijo que en su conferencia de prensa matutina del lunes dar\u00e1 una posici\u00f3n m\u00e1s amplia de la situaci\u00f3n en Bolivia. Por la ma\u00f1ana, en un video en redes sociales, hab\u00eda respaldado el llamado a nuevas elecciones lanzado por Morales.<\/p>\n","protected":false},"excerpt":{"rendered":"<p>M\u00e9xico ofreci\u00f3 asilo pol\u00edtico a Evo Morales tras su renuncia a la presidencia de Bolivia y despu\u00e9s de que la embajada mexicana en La Paz acogiera a funcionarios y legisladores bolivianos, inform\u00f3 el canciller mexicano Marcelo Ebrard. &#8220;M\u00e9xico, de conformidad a su tradici\u00f3n de asilo y no intervenci\u00f3n, ha recibido a 20 personalidades del Ejecutivo [&hellip;]<\/p>\n","protected":false},"author":1,"featured_media":16467,"comment_status":"open","ping_status":"open","sticky":false,"template":"","format":"standard","meta":{"footnotes":""},"categories":[14,4],"tags":[],"_links":{"self":[{"href":"https:\/\/diariodigitalmx.com\/index.php\/wp-json\/wp\/v2\/posts\/16464"}],"collection":[{"href":"https:\/\/diariodigitalmx.com\/index.php\/wp-json\/wp\/v2\/posts"}],"about":[{"href":"https:\/\/diariodigitalmx.com\/index.php\/wp-json\/wp\/v2\/types\/post"}],"author":[{"embeddable":true,"href":"https:\/\/diariodigitalmx.com\/index.php\/wp-json\/wp\/v2\/users\/1"}],"replies":[{"embeddable":true,"href":"https:\/\/diariodigitalmx.com\/index.php\/wp-json\/wp\/v2\/comments?post=16464"}],"version-history":[{"count":2,"href":"https:\/\/diariodigitalmx.com\/index.php\/wp-json\/wp\/v2\/posts\/16464\/revisions"}],"predecessor-version":[{"id":16470,"href":"https:\/\/diariodigitalmx.com\/index.php\/wp-json\/wp\/v2\/posts\/16464\/revisions\/16470"}],"wp:featuredmedia":[{"embeddable":true,"href":"https:\/\/diariodigitalmx.com\/index.php\/wp-json\/wp\/v2\/media\/16467"}],"wp:attachment":[{"href":"https:\/\/diariodigitalmx.com\/index.php\/wp-json\/wp\/v2\/media?parent=16464"}],"wp:term":[{"taxonomy":"category","embeddable":true,"href":"https:\/\/diariodigitalmx.com\/index.php\/wp-json\/wp\/v2\/categories?post=16464"},{"taxonomy":"post_tag","embeddable":true,"href":"https:\/\/diariodigitalmx.com\/index.php\/wp-json\/wp\/v2\/tags?post=16464"}],"curies":[{"name":"wp","href":"https:\/\/api.w.org\/{rel}","templated":true}]}}