{"id":16550,"date":"2019-11-12T09:24:43","date_gmt":"2019-11-12T15:24:43","guid":{"rendered":"http:\/\/diariodigitalmx.com\/?p=16550"},"modified":"2019-11-12T09:27:33","modified_gmt":"2019-11-12T15:27:33","slug":"descarta-mexico-reclamo-de-eu-por-asilo-a-evo-morales","status":"publish","type":"post","link":"https:\/\/diariodigitalmx.com\/index.php\/2019\/11\/12\/descarta-mexico-reclamo-de-eu-por-asilo-a-evo-morales\/","title":{"rendered":"Descarta M\u00e9xico reclamo de EU por asilo a Evo Morales"},"content":{"rendered":"\n<p>El secretario de Relaciones Exteriores, Marcelo Ebrard, coment\u00f3 que la relaci\u00f3n con Estados Unidos est\u00e1 en uno de los mejores momentos, ya qu\u00e9 hay respeto entre ambas naciones, por lo que se ha determinado que \u201cno es una relaci\u00f3n de sumisi\u00f3n\u201d.<\/p>\n\n\n\n<p>En el Sal\u00f3n Tesorer\u00eda del Palacio Nacional, el funcionario asever\u00f3 que con la llegada de Evo Morales al pa\u00eds \u201cno esperamos ning\u00fan reclamo por parte de Estados Unidos\u201d, por lo que \u201cno lo hemos tenido y no lo esperamos\u201d.<\/p>\n\n\n\n<figure class=\"wp-block-image\"><img loading=\"lazy\" decoding=\"async\" width=\"767\" height=\"1024\" src=\"http:\/\/diariodigitalmx.com\/wp-content\/uploads\/2019\/11\/IMG-20191111-WA0012-1-767x1024.jpg\" alt=\"\" class=\"wp-image-16557\" srcset=\"https:\/\/diariodigitalmx.com\/wp-content\/uploads\/2019\/11\/IMG-20191111-WA0012-1.jpg 767w, https:\/\/diariodigitalmx.com\/wp-content\/uploads\/2019\/11\/IMG-20191111-WA0012-1-225x300.jpg 225w\" sizes=\"(max-width: 767px) 100vw, 767px\" \/><\/figure>\n\n\n\n<p>Manifest\u00f3 que las obligaciones que M\u00e9xico tiene con Evo Morales es garantizar su seguridad, pero que \u00e9l definir\u00e1 qu\u00e9 har\u00e1 en nuestro pa\u00eds.<\/p>\n\n\n\n<p>\u201cSi hemos recibido personajes de importante envergadura, pero M\u00e9xico est\u00e1 obligado a ofrecer garant\u00edas de seguridad. No he hablado con \u00e9l, ya estando aqu\u00ed platicaremos con \u00e9l y se comunicar\u00e1 lo que corresponda\u201d.<\/p>\n","protected":false},"excerpt":{"rendered":"<p>El secretario de Relaciones Exteriores, Marcelo Ebrard, coment\u00f3 que la relaci\u00f3n con Estados Unidos est\u00e1 en uno de los mejores momentos, ya qu\u00e9 hay respeto entre ambas naciones, por lo que se ha determinado que \u201cno es una relaci\u00f3n de sumisi\u00f3n\u201d. En el Sal\u00f3n Tesorer\u00eda del Palacio Nacional, el funcionario asever\u00f3 que con la llegada [&hellip;]<\/p>\n","protected":false},"author":1,"featured_media":16554,"comment_status":"open","ping_status":"open","sticky":false,"template":"","format":"standard","meta":{"footnotes":""},"categories":[2,5],"tags":[],"_links":{"self":[{"href":"https:\/\/diariodigitalmx.com\/index.php\/wp-json\/wp\/v2\/posts\/16550"}],"collection":[{"href":"https:\/\/diariodigitalmx.com\/index.php\/wp-json\/wp\/v2\/posts"}],"about":[{"href":"https:\/\/diariodigitalmx.com\/index.php\/wp-json\/wp\/v2\/types\/post"}],"author":[{"embeddable":true,"href":"https:\/\/diariodigitalmx.com\/index.php\/wp-json\/wp\/v2\/users\/1"}],"replies":[{"embeddable":true,"href":"https:\/\/diariodigitalmx.com\/index.php\/wp-json\/wp\/v2\/comments?post=16550"}],"version-history":[{"count":2,"href":"https:\/\/diariodigitalmx.com\/index.php\/wp-json\/wp\/v2\/posts\/16550\/revisions"}],"predecessor-version":[{"id":16558,"href":"https:\/\/diariodigitalmx.com\/index.php\/wp-json\/wp\/v2\/posts\/16550\/revisions\/16558"}],"wp:featuredmedia":[{"embeddable":true,"href":"https:\/\/diariodigitalmx.com\/index.php\/wp-json\/wp\/v2\/media\/16554"}],"wp:attachment":[{"href":"https:\/\/diariodigitalmx.com\/index.php\/wp-json\/wp\/v2\/media?parent=16550"}],"wp:term":[{"taxonomy":"category","embeddable":true,"href":"https:\/\/diariodigitalmx.com\/index.php\/wp-json\/wp\/v2\/categories?post=16550"},{"taxonomy":"post_tag","embeddable":true,"href":"https:\/\/diariodigitalmx.com\/index.php\/wp-json\/wp\/v2\/tags?post=16550"}],"curies":[{"name":"wp","href":"https:\/\/api.w.org\/{rel}","templated":true}]}}