{"id":16559,"date":"2019-11-12T11:55:01","date_gmt":"2019-11-12T17:55:01","guid":{"rendered":"http:\/\/diariodigitalmx.com\/?p=16559"},"modified":"2019-11-12T11:55:41","modified_gmt":"2019-11-12T17:55:41","slug":"dice-evo-morales-que-lopez-obrador-le-salvo-la-vida","status":"publish","type":"post","link":"https:\/\/diariodigitalmx.com\/index.php\/2019\/11\/12\/dice-evo-morales-que-lopez-obrador-le-salvo-la-vida\/","title":{"rendered":"Dice Evo Morales que L\u00f3pez Obrador le salv\u00f3 la vida"},"content":{"rendered":"\n<p>Evo Morales agradeci\u00f3&nbsp; al presidente de M\u00e9xico, Andr\u00e9s Manuel L\u00f3pez Obrador, por haberle salvado la &#8220;vida&#8221; con su decisi\u00f3n de darle asilo pol\u00edtico en su pa\u00eds tras la crisis desatada en Bolivia por las denuncias de supuesto fraude electoral.<\/p>\n\n\n\n<p>Evo Morales, quien renunci\u00f3 el domingo a la Presidencia de Bolivia, lleg\u00f3 este martes a M\u00e9xico como asilado en un avi\u00f3n de la Fuerza A\u00e9rea Mexicana que parti\u00f3 anoche de Bolivia e hizo una escala en Paraguay antes de emprender una complicada ruta por la regi\u00f3n.<\/p>\n\n\n\n<p>Morales, quien recibi\u00f3 asilo de M\u00e9xico por &#8220;razones humanitarias&#8221; y al considerar que su vida corre peligro, aterriz\u00f3 en el hangar Sexto Grupo A\u00e9reo Internacional, antiguamente el hangar presidencial, del aeropuerto de la Ciudad de M\u00e9xico<\/p>\n","protected":false},"excerpt":{"rendered":"<p>Evo Morales agradeci\u00f3&nbsp; al presidente de M\u00e9xico, Andr\u00e9s Manuel L\u00f3pez Obrador, por haberle salvado la &#8220;vida&#8221; con su decisi\u00f3n de darle asilo pol\u00edtico en su pa\u00eds tras la crisis desatada en Bolivia por las denuncias de supuesto fraude electoral. Evo Morales, quien renunci\u00f3 el domingo a la Presidencia de Bolivia, lleg\u00f3 este martes a M\u00e9xico [&hellip;]<\/p>\n","protected":false},"author":1,"featured_media":16562,"comment_status":"open","ping_status":"open","sticky":true,"template":"","format":"standard","meta":{"footnotes":""},"categories":[2,3],"tags":[],"_links":{"self":[{"href":"https:\/\/diariodigitalmx.com\/index.php\/wp-json\/wp\/v2\/posts\/16559"}],"collection":[{"href":"https:\/\/diariodigitalmx.com\/index.php\/wp-json\/wp\/v2\/posts"}],"about":[{"href":"https:\/\/diariodigitalmx.com\/index.php\/wp-json\/wp\/v2\/types\/post"}],"author":[{"embeddable":true,"href":"https:\/\/diariodigitalmx.com\/index.php\/wp-json\/wp\/v2\/users\/1"}],"replies":[{"embeddable":true,"href":"https:\/\/diariodigitalmx.com\/index.php\/wp-json\/wp\/v2\/comments?post=16559"}],"version-history":[{"count":1,"href":"https:\/\/diariodigitalmx.com\/index.php\/wp-json\/wp\/v2\/posts\/16559\/revisions"}],"predecessor-version":[{"id":16560,"href":"https:\/\/diariodigitalmx.com\/index.php\/wp-json\/wp\/v2\/posts\/16559\/revisions\/16560"}],"wp:featuredmedia":[{"embeddable":true,"href":"https:\/\/diariodigitalmx.com\/index.php\/wp-json\/wp\/v2\/media\/16562"}],"wp:attachment":[{"href":"https:\/\/diariodigitalmx.com\/index.php\/wp-json\/wp\/v2\/media?parent=16559"}],"wp:term":[{"taxonomy":"category","embeddable":true,"href":"https:\/\/diariodigitalmx.com\/index.php\/wp-json\/wp\/v2\/categories?post=16559"},{"taxonomy":"post_tag","embeddable":true,"href":"https:\/\/diariodigitalmx.com\/index.php\/wp-json\/wp\/v2\/tags?post=16559"}],"curies":[{"name":"wp","href":"https:\/\/api.w.org\/{rel}","templated":true}]}}