{"id":16697,"date":"2019-11-13T15:04:02","date_gmt":"2019-11-13T21:04:02","guid":{"rendered":"http:\/\/diariodigitalmx.com\/?p=16697"},"modified":"2019-11-13T15:05:11","modified_gmt":"2019-11-13T21:05:11","slug":"es-evo-morales-huesped-distinguido","status":"publish","type":"post","link":"https:\/\/diariodigitalmx.com\/index.php\/2019\/11\/13\/es-evo-morales-huesped-distinguido\/","title":{"rendered":"Es Evo Morales hu\u00e9sped distinguido"},"content":{"rendered":"\n<p>El expresidente de Bolivia Evo Morales recibi\u00f3 en calidad de asilado pol\u00edtico el reconocimiento de hu\u00e9sped distinguido de la Ciudad de M\u00e9xico de manos de la jefa de gobierno, Claudia Sheinbaum Pardo.<\/p>\n\n\n\n<p>En el patio central del Antiguo Palacio del Ayuntamiento, la gobernante capitalina le entreg\u00f3 el pergamino y medalla de la distinci\u00f3n y dio la bienvenida al exmandatario al afirmar que el asilo pol\u00edtico es una de las mejores tradiciones de la pol\u00edtica exterior mexicana.<\/p>\n\n\n\n<p>\u201cBienvenido Evo Morales a M\u00e9xico. Bienvenido a M\u00e9xico Lo recibimos en el Antiguo Palacio del Ayuntamiento, sede del Gobierno de la Ciudad de M\u00e9xico, en su car\u00e1cter de asilado pol\u00edtico en nuestro pa\u00eds despu\u00e9s de un golpe de Estado en donde fue obligado a renunciar fuera del orden constitucional en su pa\u00eds\u201d, dijo Sheinbaum Pardo.<\/p>\n\n\n\n<p>Por su parte, el expresidente boliviano agradeci\u00f3 la distinci\u00f3n y dijo que \u00e9sta es en honor al pueblo e insisti\u00f3 en un di\u00e1logo nacional para pacificar al pa\u00eds.<\/p>\n","protected":false},"excerpt":{"rendered":"<p>El expresidente de Bolivia Evo Morales recibi\u00f3 en calidad de asilado pol\u00edtico el reconocimiento de hu\u00e9sped distinguido de la Ciudad de M\u00e9xico de manos de la jefa de gobierno, Claudia Sheinbaum Pardo. En el patio central del Antiguo Palacio del Ayuntamiento, la gobernante capitalina le entreg\u00f3 el pergamino y medalla de la distinci\u00f3n y dio [&hellip;]<\/p>\n","protected":false},"author":1,"featured_media":16700,"comment_status":"open","ping_status":"open","sticky":true,"template":"","format":"standard","meta":{"footnotes":""},"categories":[2,3],"tags":[],"_links":{"self":[{"href":"https:\/\/diariodigitalmx.com\/index.php\/wp-json\/wp\/v2\/posts\/16697"}],"collection":[{"href":"https:\/\/diariodigitalmx.com\/index.php\/wp-json\/wp\/v2\/posts"}],"about":[{"href":"https:\/\/diariodigitalmx.com\/index.php\/wp-json\/wp\/v2\/types\/post"}],"author":[{"embeddable":true,"href":"https:\/\/diariodigitalmx.com\/index.php\/wp-json\/wp\/v2\/users\/1"}],"replies":[{"embeddable":true,"href":"https:\/\/diariodigitalmx.com\/index.php\/wp-json\/wp\/v2\/comments?post=16697"}],"version-history":[{"count":1,"href":"https:\/\/diariodigitalmx.com\/index.php\/wp-json\/wp\/v2\/posts\/16697\/revisions"}],"predecessor-version":[{"id":16698,"href":"https:\/\/diariodigitalmx.com\/index.php\/wp-json\/wp\/v2\/posts\/16697\/revisions\/16698"}],"wp:featuredmedia":[{"embeddable":true,"href":"https:\/\/diariodigitalmx.com\/index.php\/wp-json\/wp\/v2\/media\/16700"}],"wp:attachment":[{"href":"https:\/\/diariodigitalmx.com\/index.php\/wp-json\/wp\/v2\/media?parent=16697"}],"wp:term":[{"taxonomy":"category","embeddable":true,"href":"https:\/\/diariodigitalmx.com\/index.php\/wp-json\/wp\/v2\/categories?post=16697"},{"taxonomy":"post_tag","embeddable":true,"href":"https:\/\/diariodigitalmx.com\/index.php\/wp-json\/wp\/v2\/tags?post=16697"}],"curies":[{"name":"wp","href":"https:\/\/api.w.org\/{rel}","templated":true}]}}