{"id":16722,"date":"2019-11-13T18:24:14","date_gmt":"2019-11-14T00:24:14","guid":{"rendered":"http:\/\/diariodigitalmx.com\/?p=16722"},"modified":"2019-11-13T18:29:46","modified_gmt":"2019-11-14T00:29:46","slug":"16722","status":"publish","type":"post","link":"https:\/\/diariodigitalmx.com\/index.php\/2019\/11\/13\/16722\/","title":{"rendered":"Mantiene Alexa Bautista  supremac\u00eda en el lanzamiento de martillo del interprepas UANL"},"content":{"rendered":"\n<p><strong>-Logra su tercera medalla dorada consecutiva\u00a0 en el Atletismo de preparatorias, donde Orlando Medina hace lo propio en el Salto de Altura\u00a0 representando los colores de los Vaqueros de la Preparatoria N\u00b0 2<\/strong><\/p>\n\n\n\n<p><br><\/p>\n\n\n\n<figure class=\"wp-block-image\"><img loading=\"lazy\" decoding=\"async\" width=\"1024\" height=\"683\" src=\"http:\/\/diariodigitalmx.com\/wp-content\/uploads\/2019\/11\/ORLANDO-MEDINA-SALTO-DE-ALTURA-1024x683.jpg\" alt=\"\" class=\"wp-image-16730\" srcset=\"https:\/\/diariodigitalmx.com\/wp-content\/uploads\/2019\/11\/ORLANDO-MEDINA-SALTO-DE-ALTURA-1024x683.jpg 1024w, https:\/\/diariodigitalmx.com\/wp-content\/uploads\/2019\/11\/ORLANDO-MEDINA-SALTO-DE-ALTURA-300x200.jpg 300w, https:\/\/diariodigitalmx.com\/wp-content\/uploads\/2019\/11\/ORLANDO-MEDINA-SALTO-DE-ALTURA-768x512.jpg 768w\" sizes=\"(max-width: 1024px) 100vw, 1024px\" \/><\/figure>\n\n\n\n<p>Por: Ra\u00fal Emigdio Guevara Ortiz.-&nbsp; Con marca de 39.35 metros&nbsp; con peso de 4 kilos, la estudiante de la Preparatoria&nbsp; N\u00b0 2, Alexa Bautista Ceniceros  conquist\u00f3 la medalla de la disciplina de Lanzamiento de Martillo dentro del torneo&nbsp; Atletismo de  Interpreparatorias de la UANL.<br><\/p>\n\n\n\n<p>Bautista Ceniceros ganadora de las dos competencias anteriores, se agenci\u00f3 por tercera ocasi\u00f3n consecutiva la medalla de oro en el evento que reuni\u00f3 la tarde del pasado 11 de noviembre a m\u00e1s de 15 participantes procedentes de los distintos planteles de educaci\u00f3n media superior de la M\u00e1xima Casa\u00a0 de Estudios de Nuevo Le\u00f3n.<\/p>\n\n\n\n<p><br><\/p>\n\n\n\n<figure class=\"wp-block-image\"><img loading=\"lazy\" decoding=\"async\" width=\"1024\" height=\"683\" src=\"http:\/\/diariodigitalmx.com\/wp-content\/uploads\/2019\/11\/ALEXA-BAUTISTA-S-1024x683.jpg\" alt=\"\" class=\"wp-image-16733\" srcset=\"https:\/\/diariodigitalmx.com\/wp-content\/uploads\/2019\/11\/ALEXA-BAUTISTA-S-1024x683.jpg 1024w, https:\/\/diariodigitalmx.com\/wp-content\/uploads\/2019\/11\/ALEXA-BAUTISTA-S-300x200.jpg 300w, https:\/\/diariodigitalmx.com\/wp-content\/uploads\/2019\/11\/ALEXA-BAUTISTA-S-768x512.jpg 768w\" sizes=\"(max-width: 1024px) 100vw, 1024px\" \/><\/figure>\n\n\n\n<p>Integrante del equipo juvenil de Tigres, la joven de 16 a\u00f1os que cursa actualmente el tercer semestre, durante la competencia de dos d\u00edas duraci\u00f3n logr\u00f3 tambi\u00e9n alcanzar la medalla de plata en la disciplina de Lanzamiento de Jabalina&nbsp; con una marca de  22.49 metros  prueba realizada en  un d\u00eda con condiciones climatol\u00f3gicas adversas con r\u00e1fagas de viento en contra que impidi\u00f3 que las participantes hicieran mejores marcas.<br><\/p>\n\n\n\n<p>Por su parte Orlando Josu\u00e9 Medina Santacruz, representante del\u00a0 primer semestre grupo 103, logr\u00f3 tambi\u00e9n para los Vaqueros la medalla de oro dentro de la prueba de\u00a0 Salto  Altura al alcanzar una marca de 1.60 metros.<\/p>\n\n\n\n<p><br><\/p>\n\n\n\n<figure class=\"wp-block-image\"><img loading=\"lazy\" decoding=\"async\" width=\"1024\" height=\"683\" src=\"http:\/\/diariodigitalmx.com\/wp-content\/uploads\/2019\/11\/BARBARA-RODR\u00cdGUEZ-2-1024x683.jpg\" alt=\"\" class=\"wp-image-16735\" srcset=\"https:\/\/diariodigitalmx.com\/wp-content\/uploads\/2019\/11\/BARBARA-RODR\u00cdGUEZ-2-1024x683.jpg 1024w, https:\/\/diariodigitalmx.com\/wp-content\/uploads\/2019\/11\/BARBARA-RODR\u00cdGUEZ-2-300x200.jpg 300w, https:\/\/diariodigitalmx.com\/wp-content\/uploads\/2019\/11\/BARBARA-RODR\u00cdGUEZ-2-768x512.jpg 768w\" sizes=\"(max-width: 1024px) 100vw, 1024px\" \/><\/figure>\n\n\n\n<p>En otras pruebas, la\u00a0 de tercer semestre Barbar\u00e1\u00a0 Rodr\u00edguez S\u00e1nchez (grupo 245) logr\u00f3 para su instituci\u00f3n la medalla de Plata dentro de la prueba contra reloj de\u00a0 200 metros planos con tiempo de 28\u201966 y doble medallas de Bronce en las disciplinas de  100 metros planos (13\u201940)\u00a0 y  Salto de Longitud (4.76 metros).<\/p>\n\n\n\n<p><br><\/p>\n\n\n\n<figure class=\"wp-block-image\"><img loading=\"lazy\" decoding=\"async\" width=\"683\" height=\"1024\" src=\"http:\/\/diariodigitalmx.com\/wp-content\/uploads\/2019\/11\/DIEGO-ALBERTO-MENDOZA-800-y-1500-metros-683x1024.jpg\" alt=\"\" class=\"wp-image-16739\" srcset=\"https:\/\/diariodigitalmx.com\/wp-content\/uploads\/2019\/11\/DIEGO-ALBERTO-MENDOZA-800-y-1500-metros-683x1024.jpg 683w, https:\/\/diariodigitalmx.com\/wp-content\/uploads\/2019\/11\/DIEGO-ALBERTO-MENDOZA-800-y-1500-metros-200x300.jpg 200w, https:\/\/diariodigitalmx.com\/wp-content\/uploads\/2019\/11\/DIEGO-ALBERTO-MENDOZA-800-y-1500-metros-768x1152.jpg 768w\" sizes=\"(max-width: 683px) 100vw, 683px\" \/><\/figure>\n\n\n\n<figure class=\"wp-block-image\"><img loading=\"lazy\" decoding=\"async\" width=\"1024\" height=\"683\" src=\"http:\/\/diariodigitalmx.com\/wp-content\/uploads\/2019\/11\/BARBARA-RODR\u00cdGUEZ-1-1024x683.jpg\" alt=\"\" class=\"wp-image-16741\" srcset=\"https:\/\/diariodigitalmx.com\/wp-content\/uploads\/2019\/11\/BARBARA-RODR\u00cdGUEZ-1-1024x683.jpg 1024w, https:\/\/diariodigitalmx.com\/wp-content\/uploads\/2019\/11\/BARBARA-RODR\u00cdGUEZ-1-300x200.jpg 300w, https:\/\/diariodigitalmx.com\/wp-content\/uploads\/2019\/11\/BARBARA-RODR\u00cdGUEZ-1-768x512.jpg 768w\" sizes=\"(max-width: 1024px) 100vw, 1024px\" \/><\/figure>\n\n\n\n<p>Finalmente Diego Alberto Mendoza Hern\u00e1ndez&nbsp; del grupo 245 se coloc\u00f3 como el ganador de la medalla de Bronce dentro de las pruebas de&nbsp; 800 metros planos (2.11 minutos)) y  1,500 metros planos ( 4.43 minutos)<\/p>\n","protected":false},"excerpt":{"rendered":"<p>-Logra su tercera medalla dorada consecutiva\u00a0 en el Atletismo de preparatorias, donde Orlando Medina hace lo propio en el Salto de Altura\u00a0 representando los colores de los Vaqueros de la Preparatoria N\u00b0 2 Por: Ra\u00fal Emigdio Guevara Ortiz.-&nbsp; Con marca de 39.35 metros&nbsp; con peso de 4 kilos, la estudiante de la Preparatoria&nbsp; N\u00b0 2, [&hellip;]<\/p>\n","protected":false},"author":1,"featured_media":16729,"comment_status":"open","ping_status":"open","sticky":false,"template":"","format":"standard","meta":{"footnotes":""},"categories":[6,5],"tags":[],"_links":{"self":[{"href":"https:\/\/diariodigitalmx.com\/index.php\/wp-json\/wp\/v2\/posts\/16722"}],"collection":[{"href":"https:\/\/diariodigitalmx.com\/index.php\/wp-json\/wp\/v2\/posts"}],"about":[{"href":"https:\/\/diariodigitalmx.com\/index.php\/wp-json\/wp\/v2\/types\/post"}],"author":[{"embeddable":true,"href":"https:\/\/diariodigitalmx.com\/index.php\/wp-json\/wp\/v2\/users\/1"}],"replies":[{"embeddable":true,"href":"https:\/\/diariodigitalmx.com\/index.php\/wp-json\/wp\/v2\/comments?post=16722"}],"version-history":[{"count":8,"href":"https:\/\/diariodigitalmx.com\/index.php\/wp-json\/wp\/v2\/posts\/16722\/revisions"}],"predecessor-version":[{"id":16743,"href":"https:\/\/diariodigitalmx.com\/index.php\/wp-json\/wp\/v2\/posts\/16722\/revisions\/16743"}],"wp:featuredmedia":[{"embeddable":true,"href":"https:\/\/diariodigitalmx.com\/index.php\/wp-json\/wp\/v2\/media\/16729"}],"wp:attachment":[{"href":"https:\/\/diariodigitalmx.com\/index.php\/wp-json\/wp\/v2\/media?parent=16722"}],"wp:term":[{"taxonomy":"category","embeddable":true,"href":"https:\/\/diariodigitalmx.com\/index.php\/wp-json\/wp\/v2\/categories?post=16722"},{"taxonomy":"post_tag","embeddable":true,"href":"https:\/\/diariodigitalmx.com\/index.php\/wp-json\/wp\/v2\/tags?post=16722"}],"curies":[{"name":"wp","href":"https:\/\/api.w.org\/{rel}","templated":true}]}}