{"id":16749,"date":"2019-11-14T00:36:19","date_gmt":"2019-11-14T06:36:19","guid":{"rendered":"http:\/\/diariodigitalmx.com\/?p=16749"},"modified":"2019-11-14T00:37:04","modified_gmt":"2019-11-14T06:37:04","slug":"por-cierto-161","status":"publish","type":"post","link":"https:\/\/diariodigitalmx.com\/index.php\/2019\/11\/14\/por-cierto-161\/","title":{"rendered":"Por cierto&#8230;"},"content":{"rendered":"\n<p>\u00d3scar Tamez Rodr\u00edguez<\/p>\n\n\n\n<p>Evo Morales se ha convertido en el centro de atenci\u00f3n en los actores pol\u00edticos de izquierda. Algo as\u00ed como el fen\u00f3meno de circo o el pariente famoso quien viene al pueblo. Vaya, es escandaloso el trato y la actitud lisonjera de los pol\u00edticos morenos. Bien por el asilo, lo dem\u00e1s es solo un distractor para ganar tiempo y llegar al buen fin con lo cual alcanzar\u00e1n una semana con el tema del culichazo y la violencia fuera de la agenda p\u00fablica&#8230; Resulta que en el gobierno de la 4T hay niveles. A la presidenta interina de Bolivia le contesta un subsecretario de relaciones exteriores y le recomiendan centrarse en su pa\u00eds, ah, pero cuando Trump tunde una \u201ctrumpada\u201d no hay quien diga p\u00edo. \u00a1Bendito San Evo que trajo ox\u00edgeno a la 4T en su crisis de comunicaci\u00f3n que le cost\u00f3 al menos 10 puntos en las encuestas!<\/p>\n\n\n\n<p>Oscar Tamez Rdz.&nbsp;www.estudiospoliticos.mxFacebook.com\/EstudiosPoliticos.mx@EstudiosMx<br><\/p>\n","protected":false},"excerpt":{"rendered":"<p>\u00d3scar Tamez Rodr\u00edguez Evo Morales se ha convertido en el centro de atenci\u00f3n en los actores pol\u00edticos de izquierda. Algo as\u00ed como el fen\u00f3meno de circo o el pariente famoso quien viene al pueblo. Vaya, es escandaloso el trato y la actitud lisonjera de los pol\u00edticos morenos. Bien por el asilo, lo dem\u00e1s es solo [&hellip;]<\/p>\n","protected":false},"author":1,"featured_media":16752,"comment_status":"open","ping_status":"open","sticky":false,"template":"","format":"standard","meta":{"footnotes":""},"categories":[12,5],"tags":[],"_links":{"self":[{"href":"https:\/\/diariodigitalmx.com\/index.php\/wp-json\/wp\/v2\/posts\/16749"}],"collection":[{"href":"https:\/\/diariodigitalmx.com\/index.php\/wp-json\/wp\/v2\/posts"}],"about":[{"href":"https:\/\/diariodigitalmx.com\/index.php\/wp-json\/wp\/v2\/types\/post"}],"author":[{"embeddable":true,"href":"https:\/\/diariodigitalmx.com\/index.php\/wp-json\/wp\/v2\/users\/1"}],"replies":[{"embeddable":true,"href":"https:\/\/diariodigitalmx.com\/index.php\/wp-json\/wp\/v2\/comments?post=16749"}],"version-history":[{"count":1,"href":"https:\/\/diariodigitalmx.com\/index.php\/wp-json\/wp\/v2\/posts\/16749\/revisions"}],"predecessor-version":[{"id":16750,"href":"https:\/\/diariodigitalmx.com\/index.php\/wp-json\/wp\/v2\/posts\/16749\/revisions\/16750"}],"wp:featuredmedia":[{"embeddable":true,"href":"https:\/\/diariodigitalmx.com\/index.php\/wp-json\/wp\/v2\/media\/16752"}],"wp:attachment":[{"href":"https:\/\/diariodigitalmx.com\/index.php\/wp-json\/wp\/v2\/media?parent=16749"}],"wp:term":[{"taxonomy":"category","embeddable":true,"href":"https:\/\/diariodigitalmx.com\/index.php\/wp-json\/wp\/v2\/categories?post=16749"},{"taxonomy":"post_tag","embeddable":true,"href":"https:\/\/diariodigitalmx.com\/index.php\/wp-json\/wp\/v2\/tags?post=16749"}],"curies":[{"name":"wp","href":"https:\/\/api.w.org\/{rel}","templated":true}]}}