{"id":16768,"date":"2019-11-14T13:26:27","date_gmt":"2019-11-14T19:26:27","guid":{"rendered":"http:\/\/diariodigitalmx.com\/?p=16768"},"modified":"2019-11-14T13:26:57","modified_gmt":"2019-11-14T19:26:57","slug":"desempleo-en-el-ultimo-trimestre-aumento-3-6-por-ciento","status":"publish","type":"post","link":"https:\/\/diariodigitalmx.com\/index.php\/2019\/11\/14\/desempleo-en-el-ultimo-trimestre-aumento-3-6-por-ciento\/","title":{"rendered":"Desempleo en el \u00faltimo trimestre aument\u00f3 3.6 por ciento"},"content":{"rendered":"\n<p>En el tercer trimestre del a\u00f1o, la tasa de desocupaci\u00f3n subi\u00f3 3.6 por ciento, -porcentaje equivalente a 2.1 millones de personas- de la Poblaci\u00f3n Econ\u00f3micamente Activa (PEA), de acuerdo con datos del&nbsp;Instituto Nacional de Estad\u00edstica y Geograf\u00eda (INEGI).<\/p>\n\n\n\n<p>El organismo precisa que dicha cifra result\u00f3 mayor a la reportada en el segundo trimestre de 2019, cuando hab\u00eda dos millones de personas desocupadas.<\/p>\n\n\n\n<p>En los resultados de la Encuesta Nacional de Ocupaci\u00f3n y Empleo (ENOE) expone que la tasa de desocupaci\u00f3n de julio-septiembre result\u00f3 mayor al 3.3 por ciento del mismo trimestre de 2018, es decir, 213 mil 360 personas m\u00e1s.<\/p>\n\n\n\n<p>La poblaci\u00f3n desocupada es aquella que no trabaj\u00f3 siquiera una hora durante la semana de referencia de la encuesta, pero manifest\u00f3 su disposici\u00f3n para hacerlo e hizo alguna actividad por obtener empleo.<\/p>\n\n\n\n<p>El organismo indica que s\u00f3lo la tasa desocupaci\u00f3n en hombres se elev\u00f3 0.1 puntos porcentuales y la de mujeres fue menor en 0.1 puntos porcentuales, de acuerdo con los datos publicados este jueves.<\/p>\n\n\n\n<p>Entre las entidades con las tasas de desocupaci\u00f3n m\u00e1s altas en el tercer trimestre del a\u00f1o est\u00e1n: Tabasco, con 7.1 por ciento; Quer\u00e9taro, con 5.4 por ciento; Ciudad de M\u00e9xico y Sonora, con 5.0 por ciento, cada una; Baja California Sur, Coahuila de Zaragoza y el Estado de M\u00e9xico, con 4.8 por ciento.<\/p>\n\n\n\n<p>As\u00ed como Nayarit, con 4.5 por ciento; Durango, con 3.9 por ciento; y Aguascalientes, Chiapas y Colima, con 3.8 por ciento.<\/p>\n\n\n\n<p>Contrario a ello, refiere, las tasas m\u00e1s bajas se mostraron en Guerrero, con 1.4 por ciento; Hidalgo, Oaxaca y Yucat\u00e1n, con 2.0 por ciento; Morelos, con 2.7 por ciento, y Baja California, Michoac\u00e1n de Ocampo y Puebla, con 2.9 por ciento.<\/p>\n\n\n\n<p>Respecto al empleo informal de todas las modalidades, el INEGI agrega que en este indicador se encontraron 31.2 millones de personas del periodo de julio a septiembre del a\u00f1o en curso.<\/p>\n\n\n\n<p>Dicha cifra, subraya, represent\u00f3 un aumento de 1.8 por ciento respecto al mismo lapso de 2018 y represent\u00f3 56.5 por ciento de la poblaci\u00f3n ocupada.<\/p>\n\n\n\n<p>Con base en cifras desestacionalizadas, a\u00f1ade, la Tasa de Informalidad Laboral 1 disminuy\u00f3 0.1 puntos porcentuales en el tercer trimestre de 2019 y con relaci\u00f3n al trimestre inmediato anterior.<\/p>\n\n\n\n<p>En el lapso de julio-septiembre, la Poblaci\u00f3n Econ\u00f3micamente Activa (PEA) -la poblaci\u00f3n de 15 a\u00f1os y m\u00e1s disponible para producir bienes y servicios- se elev\u00f3 a 57.3 millones, lo que signific\u00f3 60.4 por ciento del total.<\/p>\n\n\n\n<p>La cifra mostr\u00f3 un ligero crecimiento cuando un a\u00f1o antes hab\u00eda sido de 56 millones, lo que result\u00f3 equivalente a 59.8 por ciento, acot\u00f3.<\/p>\n\n\n\n<p>Al interior de la PEA es posible identificar a la poblaci\u00f3n con participaci\u00f3n en la generaci\u00f3n de alg\u00fan bien econ\u00f3mico o la prestaci\u00f3n de un servicio (poblaci\u00f3n ocupada), lo que alcanz\u00f3 55.2 millones de personas durante el tercer trimestre del 2019 y, de ellos, 33.6 millones son hombres y 21.6 millones son mujeres.<\/p>\n\n\n\n<p>Al considerar a la poblaci\u00f3n ocupada con relaci\u00f3n al sector econ\u00f3mico en el que labora, mostr\u00f3 que siete millones de personas trabajan en el sector primario, 13.9 millones est\u00e1n en el secundario o industrial y 34 millones se encuentran en el terciario o de los servicios.<\/p>\n\n\n\n<p>En tanto, la poblaci\u00f3n subocupada -aquella con necesidad y disponibilidad de ofertar m\u00e1s tiempo de trabajo de lo que su ocupaci\u00f3n actual le demanda- alcanz\u00f3 4.3 millones de personas durante el tercer trimestre del a\u00f1o.<\/p>\n","protected":false},"excerpt":{"rendered":"<p>En el tercer trimestre del a\u00f1o, la tasa de desocupaci\u00f3n subi\u00f3 3.6 por ciento, -porcentaje equivalente a 2.1 millones de personas- de la Poblaci\u00f3n Econ\u00f3micamente Activa (PEA), de acuerdo con datos del&nbsp;Instituto Nacional de Estad\u00edstica y Geograf\u00eda (INEGI). El organismo precisa que dicha cifra result\u00f3 mayor a la reportada en el segundo trimestre de 2019, [&hellip;]<\/p>\n","protected":false},"author":1,"featured_media":16770,"comment_status":"open","ping_status":"open","sticky":true,"template":"","format":"standard","meta":{"footnotes":""},"categories":[10,5],"tags":[],"_links":{"self":[{"href":"https:\/\/diariodigitalmx.com\/index.php\/wp-json\/wp\/v2\/posts\/16768"}],"collection":[{"href":"https:\/\/diariodigitalmx.com\/index.php\/wp-json\/wp\/v2\/posts"}],"about":[{"href":"https:\/\/diariodigitalmx.com\/index.php\/wp-json\/wp\/v2\/types\/post"}],"author":[{"embeddable":true,"href":"https:\/\/diariodigitalmx.com\/index.php\/wp-json\/wp\/v2\/users\/1"}],"replies":[{"embeddable":true,"href":"https:\/\/diariodigitalmx.com\/index.php\/wp-json\/wp\/v2\/comments?post=16768"}],"version-history":[{"count":1,"href":"https:\/\/diariodigitalmx.com\/index.php\/wp-json\/wp\/v2\/posts\/16768\/revisions"}],"predecessor-version":[{"id":16769,"href":"https:\/\/diariodigitalmx.com\/index.php\/wp-json\/wp\/v2\/posts\/16768\/revisions\/16769"}],"wp:featuredmedia":[{"embeddable":true,"href":"https:\/\/diariodigitalmx.com\/index.php\/wp-json\/wp\/v2\/media\/16770"}],"wp:attachment":[{"href":"https:\/\/diariodigitalmx.com\/index.php\/wp-json\/wp\/v2\/media?parent=16768"}],"wp:term":[{"taxonomy":"category","embeddable":true,"href":"https:\/\/diariodigitalmx.com\/index.php\/wp-json\/wp\/v2\/categories?post=16768"},{"taxonomy":"post_tag","embeddable":true,"href":"https:\/\/diariodigitalmx.com\/index.php\/wp-json\/wp\/v2\/tags?post=16768"}],"curies":[{"name":"wp","href":"https:\/\/api.w.org\/{rel}","templated":true}]}}