{"id":16775,"date":"2019-11-14T13:31:58","date_gmt":"2019-11-14T19:31:58","guid":{"rendered":"http:\/\/diariodigitalmx.com\/?p=16775"},"modified":"2019-11-14T13:32:27","modified_gmt":"2019-11-14T19:32:27","slug":"detienen-a-presunto-autor-de-tiroteo-en-escuela-de-los-angeles","status":"publish","type":"post","link":"https:\/\/diariodigitalmx.com\/index.php\/2019\/11\/14\/detienen-a-presunto-autor-de-tiroteo-en-escuela-de-los-angeles\/","title":{"rendered":"Detienen a presunto autor de tiroteo en escuela de Los Angeles"},"content":{"rendered":"\n<p>\n\nLas autoridades de Los \u00c1ngeles detuvieron al sospechoso de cometer un tiroteo que este jueves dej\u00f3 al menos siete heridos, tres de ellos en estado cr\u00edtico, en una escuela preparatoria del vecindario de Santa Clarita, al norte de la ciudad californiana de Los \u00c1ngeles (EE.UU.).<\/p>\n\n\n\n<p>En su cuenta de Twitter, el jefe del Departamento del Alguacil de Los \u00c1ngeles (LASD), Alex Villanueva, inform\u00f3 que el sospechoso estaba bajo custodia policial y estaba recibiendo tratamiento m\u00e9dico en un hospital local.<\/p>\n\n\n\n<p>El tiroteo se produjo hacia las 07.40 de la ma\u00f1ana hora de Los \u00c1ngeles (15.40 GMT) en la escuela Saugus High School, situada unos 85 kil\u00f3metros al norte de Los \u00c1ngeles, cuando algunos estudiantes tomaban clases previas a las actividades regulares del plantel estudiantil.<\/p>\n\n\n\n<p>Villanueva explic\u00f3 en una entrevista con la cadena de televisi\u00f3n KTLA que las c\u00e1maras de la escuela lograron captar las acciones del sospechoso del tiroteo, lo que permiti\u00f3 que se desatase una r\u00e1pida b\u00fasqueda.<\/p>\n\n\n\n<p>El jefe policial dijo a los medios locales que el sospechoso fue identificado &#8220;potencialmente&#8221; como un estudiante de la escuela.<\/p>\n\n\n\n<p>En un mensaje de su cuenta de Twitter, la Polic\u00eda asegur\u00f3 que buscaban a un joven asi\u00e1tico, de unos quince a\u00f1os, vestido de negro, pero Villanueva no quiso confirmar a los medios locales la raza del sospechoso.<\/p>\n\n\n\n<p>La escuela, que tiene m\u00e1s de 2.300 estudiantes, se mantiene cerrada desde que se dio la alerta del tiroteo, mientras que otros planteles estudiantiles de la zona tambi\u00e9n fueron cerrados por precauci\u00f3n .<\/p>\n\n\n\n<p>En un comunicado, el Hospital Henry Mayo dijo que recibi\u00f3 a cuatro pacientes, tres hombres y una mujer, y que dos de los hombres y la mujer se encuentran en condici\u00f3n critica.<\/p>\n\n\n\n<p>Por su parte, el Departamento de los Bomberos de Los \u00c1ngeles dijo a los medios locales que varias personas fueron tratadas dentro de la escuela.\n\n<\/p>\n","protected":false},"excerpt":{"rendered":"<p>Las autoridades de Los \u00c1ngeles detuvieron al sospechoso de cometer un tiroteo que este jueves dej\u00f3 al menos siete heridos, tres de ellos en estado cr\u00edtico, en una escuela preparatoria del vecindario de Santa Clarita, al norte de la ciudad californiana de Los \u00c1ngeles (EE.UU.). En su cuenta de Twitter, el jefe del Departamento del [&hellip;]<\/p>\n","protected":false},"author":1,"featured_media":16777,"comment_status":"open","ping_status":"open","sticky":true,"template":"","format":"standard","meta":{"footnotes":""},"categories":[4,5],"tags":[],"_links":{"self":[{"href":"https:\/\/diariodigitalmx.com\/index.php\/wp-json\/wp\/v2\/posts\/16775"}],"collection":[{"href":"https:\/\/diariodigitalmx.com\/index.php\/wp-json\/wp\/v2\/posts"}],"about":[{"href":"https:\/\/diariodigitalmx.com\/index.php\/wp-json\/wp\/v2\/types\/post"}],"author":[{"embeddable":true,"href":"https:\/\/diariodigitalmx.com\/index.php\/wp-json\/wp\/v2\/users\/1"}],"replies":[{"embeddable":true,"href":"https:\/\/diariodigitalmx.com\/index.php\/wp-json\/wp\/v2\/comments?post=16775"}],"version-history":[{"count":1,"href":"https:\/\/diariodigitalmx.com\/index.php\/wp-json\/wp\/v2\/posts\/16775\/revisions"}],"predecessor-version":[{"id":16776,"href":"https:\/\/diariodigitalmx.com\/index.php\/wp-json\/wp\/v2\/posts\/16775\/revisions\/16776"}],"wp:featuredmedia":[{"embeddable":true,"href":"https:\/\/diariodigitalmx.com\/index.php\/wp-json\/wp\/v2\/media\/16777"}],"wp:attachment":[{"href":"https:\/\/diariodigitalmx.com\/index.php\/wp-json\/wp\/v2\/media?parent=16775"}],"wp:term":[{"taxonomy":"category","embeddable":true,"href":"https:\/\/diariodigitalmx.com\/index.php\/wp-json\/wp\/v2\/categories?post=16775"},{"taxonomy":"post_tag","embeddable":true,"href":"https:\/\/diariodigitalmx.com\/index.php\/wp-json\/wp\/v2\/tags?post=16775"}],"curies":[{"name":"wp","href":"https:\/\/api.w.org\/{rel}","templated":true}]}}