{"id":16778,"date":"2019-11-14T13:36:14","date_gmt":"2019-11-14T19:36:14","guid":{"rendered":"http:\/\/diariodigitalmx.com\/?p=16778"},"modified":"2019-11-14T13:37:21","modified_gmt":"2019-11-14T19:37:21","slug":"el-toro-valenzuela-es-ya-inmortal-tres-mas-son-entronizados-en-el-salon-de-la-fama-del-beisbol","status":"publish","type":"post","link":"https:\/\/diariodigitalmx.com\/index.php\/2019\/11\/14\/el-toro-valenzuela-es-ya-inmortal-tres-mas-son-entronizados-en-el-salon-de-la-fama-del-beisbol\/","title":{"rendered":"El Toro Valenzuela es ya inmortal; tres m\u00e1s son entronizados en el Sal\u00f3n de la Fama del B\u00e9isbol"},"content":{"rendered":"\n<p>Tras cinco a\u00f1os de espera debido a la edificaci\u00f3n del nuevo Sal\u00f3n de la Fama del Beisbol Mexicano, los ex beisbolistas Fernando Valenzuela, Daniel Fern\u00e1ndez, Ricardo S\u00e1enz y el ex directivo Cuauht\u00e9moc Rodr\u00edguez Meza, ya inscribieron sus nombres en el recinto de los inmortales, en Monterrey.<\/p>\n\n\n\n<p>Los cuatro fueron elegidos en 2014, pero tras la inauguraci\u00f3n del nuevo recinto en febrero de 2019, ser\u00e1n los primeros en escribir una nueva historia para las figuras m\u00e1s ilustres del Deporte Rey en M\u00e9xico.<\/p>\n\n\n\n<p><br><\/p>\n\n\n\n<figure class=\"wp-block-image\"><img loading=\"lazy\" decoding=\"async\" width=\"360\" height=\"360\" src=\"http:\/\/diariodigitalmx.com\/wp-content\/uploads\/2019\/11\/Toro.jpg\" alt=\"\" class=\"wp-image-16782\" srcset=\"https:\/\/diariodigitalmx.com\/wp-content\/uploads\/2019\/11\/Toro.jpg 360w, https:\/\/diariodigitalmx.com\/wp-content\/uploads\/2019\/11\/Toro-150x150.jpg 150w, https:\/\/diariodigitalmx.com\/wp-content\/uploads\/2019\/11\/Toro-300x300.jpg 300w\" sizes=\"(max-width: 360px) 100vw, 360px\" \/><\/figure>\n\n\n\n<p>El Toro Valenzuela, el mejor p\u00edtcher mexicano de todos los tiempos en Grandes Ligas, jug\u00f3 17 temporadas en las Ligas Mayores con diferentes clubes. Gan\u00f3 173 juegos y perdi\u00f3 153 (.531), con 3.54 de efectividad y 2,074 ponches. Tuvo actuaciones espectaculares con los Dodgers de Los \u00c1ngeles, equipo al que ayud\u00f3 a ganar la Serie Mundial de 1981.<br><\/p>\n\n\n\n<p>Con estos ingresos, el Recinto de Inmortales sum\u00f3 200 miembros. Francisco Padilla, director del inmueble, m\u00e1s Alfredo Harp Hel\u00fa y el gobernador, Jaime Rodr\u00edguez, presidieron el acto. <\/p>\n","protected":false},"excerpt":{"rendered":"<p>Tras cinco a\u00f1os de espera debido a la edificaci\u00f3n del nuevo Sal\u00f3n de la Fama del Beisbol Mexicano, los ex beisbolistas Fernando Valenzuela, Daniel Fern\u00e1ndez, Ricardo S\u00e1enz y el ex directivo Cuauht\u00e9moc Rodr\u00edguez Meza, ya inscribieron sus nombres en el recinto de los inmortales, en Monterrey. Los cuatro fueron elegidos en 2014, pero tras la [&hellip;]<\/p>\n","protected":false},"author":1,"featured_media":16781,"comment_status":"open","ping_status":"open","sticky":true,"template":"","format":"standard","meta":{"footnotes":""},"categories":[8],"tags":[],"_links":{"self":[{"href":"https:\/\/diariodigitalmx.com\/index.php\/wp-json\/wp\/v2\/posts\/16778"}],"collection":[{"href":"https:\/\/diariodigitalmx.com\/index.php\/wp-json\/wp\/v2\/posts"}],"about":[{"href":"https:\/\/diariodigitalmx.com\/index.php\/wp-json\/wp\/v2\/types\/post"}],"author":[{"embeddable":true,"href":"https:\/\/diariodigitalmx.com\/index.php\/wp-json\/wp\/v2\/users\/1"}],"replies":[{"embeddable":true,"href":"https:\/\/diariodigitalmx.com\/index.php\/wp-json\/wp\/v2\/comments?post=16778"}],"version-history":[{"count":2,"href":"https:\/\/diariodigitalmx.com\/index.php\/wp-json\/wp\/v2\/posts\/16778\/revisions"}],"predecessor-version":[{"id":16783,"href":"https:\/\/diariodigitalmx.com\/index.php\/wp-json\/wp\/v2\/posts\/16778\/revisions\/16783"}],"wp:featuredmedia":[{"embeddable":true,"href":"https:\/\/diariodigitalmx.com\/index.php\/wp-json\/wp\/v2\/media\/16781"}],"wp:attachment":[{"href":"https:\/\/diariodigitalmx.com\/index.php\/wp-json\/wp\/v2\/media?parent=16778"}],"wp:term":[{"taxonomy":"category","embeddable":true,"href":"https:\/\/diariodigitalmx.com\/index.php\/wp-json\/wp\/v2\/categories?post=16778"},{"taxonomy":"post_tag","embeddable":true,"href":"https:\/\/diariodigitalmx.com\/index.php\/wp-json\/wp\/v2\/tags?post=16778"}],"curies":[{"name":"wp","href":"https:\/\/api.w.org\/{rel}","templated":true}]}}