{"id":16817,"date":"2019-11-14T14:06:54","date_gmt":"2019-11-14T20:06:54","guid":{"rendered":"http:\/\/diariodigitalmx.com\/?p=16817"},"modified":"2019-11-14T14:07:21","modified_gmt":"2019-11-14T20:07:21","slug":"gana-premio-cervantes-2019-el-catalan-joan-margarit","status":"publish","type":"post","link":"https:\/\/diariodigitalmx.com\/index.php\/2019\/11\/14\/gana-premio-cervantes-2019-el-catalan-joan-margarit\/","title":{"rendered":"Gana Premio Cervantes 2019, el catal\u00e1n Joan Margarit"},"content":{"rendered":"\n<p>El poeta catal\u00e1n Joan Margarit (L\u00e9rida, 1938) es el ganador del Premio Cervantes 2019.&nbsp;Se dio a conocer en Espa\u00f1a en 1963 con el libro &#8220;Cr\u00f3nica&#8221; y a lo largo de su carrera ha compaginado su labor de poeta con la de catedr\u00e1tico de la Universidad Polit\u00e9cnica de Catalu\u00f1a.<\/p>\n\n\n\n<p>El reci\u00e9n galardonado con el Cervantes ha recibido numerosos reconocimientos, entre ellos el Premio Nacional de Poes\u00eda en 2008 y el Premio Rosal\u00eda de Castro, as\u00ed como el Jaume Fuster en 2016.<\/p>\n\n\n\n<p>Poeta de &#8220;honesta intensidad&#8221;, de palabras libres que suenan en espa\u00f1ol y catal\u00e1n, as\u00ed es Joan Margarit, un arquitecto de formaci\u00f3n que ha construido castillos de versos desde los que ha transmitido su pensamiento, vida y \u00e9tica en poes\u00edas convertidas en odas a la belleza de las relaciones humanas.<\/p>\n\n\n\n<p>Con sus ya 81 a\u00f1os, m\u00e1s de ocho d\u00e9cadas que le convierten en uno de los m\u00e1s veteranos en la lista de ganadores del Cervantes, su poes\u00eda se podr\u00eda resumir en tres palabras -a riesgo de quedarse corto-: belleza, verdad y cultura. Tres conceptos que defiende porque lo dem\u00e1s &#8220;son cuentos&#8221;.<\/p>\n","protected":false},"excerpt":{"rendered":"<p>El poeta catal\u00e1n Joan Margarit (L\u00e9rida, 1938) es el ganador del Premio Cervantes 2019.&nbsp;Se dio a conocer en Espa\u00f1a en 1963 con el libro &#8220;Cr\u00f3nica&#8221; y a lo largo de su carrera ha compaginado su labor de poeta con la de catedr\u00e1tico de la Universidad Polit\u00e9cnica de Catalu\u00f1a. El reci\u00e9n galardonado con el Cervantes ha [&hellip;]<\/p>\n","protected":false},"author":1,"featured_media":16819,"comment_status":"open","ping_status":"open","sticky":true,"template":"","format":"standard","meta":{"footnotes":""},"categories":[11,5],"tags":[],"_links":{"self":[{"href":"https:\/\/diariodigitalmx.com\/index.php\/wp-json\/wp\/v2\/posts\/16817"}],"collection":[{"href":"https:\/\/diariodigitalmx.com\/index.php\/wp-json\/wp\/v2\/posts"}],"about":[{"href":"https:\/\/diariodigitalmx.com\/index.php\/wp-json\/wp\/v2\/types\/post"}],"author":[{"embeddable":true,"href":"https:\/\/diariodigitalmx.com\/index.php\/wp-json\/wp\/v2\/users\/1"}],"replies":[{"embeddable":true,"href":"https:\/\/diariodigitalmx.com\/index.php\/wp-json\/wp\/v2\/comments?post=16817"}],"version-history":[{"count":1,"href":"https:\/\/diariodigitalmx.com\/index.php\/wp-json\/wp\/v2\/posts\/16817\/revisions"}],"predecessor-version":[{"id":16818,"href":"https:\/\/diariodigitalmx.com\/index.php\/wp-json\/wp\/v2\/posts\/16817\/revisions\/16818"}],"wp:featuredmedia":[{"embeddable":true,"href":"https:\/\/diariodigitalmx.com\/index.php\/wp-json\/wp\/v2\/media\/16819"}],"wp:attachment":[{"href":"https:\/\/diariodigitalmx.com\/index.php\/wp-json\/wp\/v2\/media?parent=16817"}],"wp:term":[{"taxonomy":"category","embeddable":true,"href":"https:\/\/diariodigitalmx.com\/index.php\/wp-json\/wp\/v2\/categories?post=16817"},{"taxonomy":"post_tag","embeddable":true,"href":"https:\/\/diariodigitalmx.com\/index.php\/wp-json\/wp\/v2\/tags?post=16817"}],"curies":[{"name":"wp","href":"https:\/\/api.w.org\/{rel}","templated":true}]}}