{"id":16824,"date":"2019-11-14T19:11:31","date_gmt":"2019-11-15T01:11:31","guid":{"rendered":"http:\/\/diariodigitalmx.com\/?p=16824"},"modified":"2019-11-14T19:13:43","modified_gmt":"2019-11-15T01:13:43","slug":"16824","status":"publish","type":"post","link":"https:\/\/diariodigitalmx.com\/index.php\/2019\/11\/14\/16824\/","title":{"rendered":"Acuerdan alcaldes coordinaci\u00f3n nacional contra la inseguridad"},"content":{"rendered":"\n<p><br><\/p>\n\n\n\n<p>Al reunirse en la Secretar\u00eda de Seguridad y Protecci\u00f3n Ciudadana para compartir sus modelos exitosos para combatir la inseguridad, Alcaldes de todo el Pa\u00eds acordaron trabajar de manera conjunta para erradicar esta problem\u00e1tica de ra\u00edz.<\/p>\n\n\n\n<p>En su participaci\u00f3n, la presidenta de la Conferencia Nacional de Seguridad P\u00fablica Municipal (CNSPM), Clara Luz Flores Carrales, se\u00f1al\u00f3 que los presidentes municipales deben enfocarse en la prevenci\u00f3n de los delitos y profesionalizaci\u00f3n de sus polic\u00edas, y replicar experiencias de otros Ayuntamientos que les permitir\u00e1 no basar sus estrategias en los recursos.\u00a0<\/p>\n\n\n\n<figure class=\"wp-block-image\"><img loading=\"lazy\" decoding=\"async\" width=\"1024\" height=\"663\" src=\"http:\/\/diariodigitalmx.com\/wp-content\/uploads\/2019\/11\/IMG_0004-1-1024x663.jpg\" alt=\"\" class=\"wp-image-16829\" srcset=\"https:\/\/diariodigitalmx.com\/wp-content\/uploads\/2019\/11\/IMG_0004-1-1024x663.jpg 1024w, https:\/\/diariodigitalmx.com\/wp-content\/uploads\/2019\/11\/IMG_0004-1-300x194.jpg 300w, https:\/\/diariodigitalmx.com\/wp-content\/uploads\/2019\/11\/IMG_0004-1-768x497.jpg 768w, https:\/\/diariodigitalmx.com\/wp-content\/uploads\/2019\/11\/IMG_0004-1.jpg 1802w\" sizes=\"(max-width: 1024px) 100vw, 1024px\" \/><\/figure>\n\n\n\n<p>\u201cS\u00ed es cierto que necesitamos mucho dinero, s\u00ed es cierto que necesitamos infraestructura, pero tambi\u00e9n necesitamos acompa\u00f1amiento en cuanto a capacitaci\u00f3n, en un intercambio de expertiz, porque hay historias de presidentes municipales que han hecho muy buenas practicas y que no se han transferido a los dem\u00e1s\u201d, dijo.<\/p>\n\n\n\n<p>\u201cNo habr\u00e1 fuerzas federales suficientes, Guardia Nacional con los millones de elementos que pudiera llegar a tener, si nosotros como presidentes municipales no hacemos lo que nos toca, que es la parte de la prevenci\u00f3n, inversi\u00f3n, fortalecimiento de nuestros polic\u00edas, que sean bien pagados, dignificados, que tengan ex\u00e1menes de confianza y un expertiz en la que puedan ir avanzando y profesionaliz\u00e1ndose\u201d.<\/p>\n\n\n\n<figure class=\"wp-block-image\"><img loading=\"lazy\" decoding=\"async\" width=\"1024\" height=\"669\" src=\"http:\/\/diariodigitalmx.com\/wp-content\/uploads\/2019\/11\/IMG_0001-1024x669.jpg\" alt=\"\" class=\"wp-image-16831\" srcset=\"https:\/\/diariodigitalmx.com\/wp-content\/uploads\/2019\/11\/IMG_0001-1024x669.jpg 1024w, https:\/\/diariodigitalmx.com\/wp-content\/uploads\/2019\/11\/IMG_0001-300x196.jpg 300w, https:\/\/diariodigitalmx.com\/wp-content\/uploads\/2019\/11\/IMG_0001-768x502.jpg 768w, https:\/\/diariodigitalmx.com\/wp-content\/uploads\/2019\/11\/IMG_0001.jpg 1779w\" sizes=\"(max-width: 1024px) 100vw, 1024px\" \/><\/figure>\n\n\n\n<p>Al se\u00f1alar que, m\u00e1s que recursos, se necesita trabajar de manera coordinada, con neutralidad pol\u00edtica y voluntad, el Secretario de Seguridad y Protecci\u00f3n Ciudadana, Alfonso Durazo, llam\u00f3 a los Alcaldes a \u201cno echarse la bolita\u201d ni \u201clavarse las manos\u201d en el combate a la inseguridad.&nbsp;&nbsp;<\/p>\n\n\n\n<p>&nbsp;\u201cEs de tal manera complejo el tema de la inseguridad\u201d, indic\u00f3, \u201cque no est\u00e1n las condiciones para echarnos la bolita unos a otros\u201d.<\/p>\n\n\n\n<p>\u201cSer\u00eda muy f\u00e1cil para la Federaci\u00f3n decir: \u2018es un delito del fuero com\u00fan\u2019 y lavarnos las manos, pero tambi\u00e9n es de tal dimensi\u00f3n el reto, el tama\u00f1o del problema, que ser\u00eda una irresponsabilidad, en virtud del car\u00e1cter federal o local de los delitos, nos lav\u00e1ramos las manos.<\/p>\n\n\n\n<p>\u201cNadie se puede lavar las manos, no podemos lavarnos las manos en tanto no resolvamos el problema\u201d.<\/p>\n\n\n\n<p>El Secretario destac\u00f3 que, sin mayor captaci\u00f3n de partidas presupuestales, el Municipio de Escobedo es un referente en la disminuci\u00f3n de la inseguridad y corrupci\u00f3n.&nbsp;<\/p>\n\n\n\n<p>\u201cDebo reconocer que Clara Luz, sin tener mayores recursos que otros municipios, se ha esmerado en combatir la corrupci\u00f3n, se ha aplicado a atender personalmente el tema de la inseguridad\u201d.<\/p>\n\n\n\n<figure class=\"wp-block-image\"><img loading=\"lazy\" decoding=\"async\" width=\"1024\" height=\"681\" src=\"http:\/\/diariodigitalmx.com\/wp-content\/uploads\/2019\/11\/IMG_0002-1-1024x681.jpg\" alt=\"\" class=\"wp-image-16833\" srcset=\"https:\/\/diariodigitalmx.com\/wp-content\/uploads\/2019\/11\/IMG_0002-1-1024x681.jpg 1024w, https:\/\/diariodigitalmx.com\/wp-content\/uploads\/2019\/11\/IMG_0002-1-300x199.jpg 300w, https:\/\/diariodigitalmx.com\/wp-content\/uploads\/2019\/11\/IMG_0002-1-768x511.jpg 768w, https:\/\/diariodigitalmx.com\/wp-content\/uploads\/2019\/11\/IMG_0002-1.jpg 1468w\" sizes=\"(max-width: 1024px) 100vw, 1024px\" \/><\/figure>\n\n\n\n<p>\u201cEl tema lo ha convertido en el eje del trabajo municipal y redefini\u00f3 las prioridades presupuestales de su municipio, es decir, no sigui\u00f3 gastando como hist\u00f3ricamente se hab\u00eda hecho y estas medidas ayudan a dar eficacia al trabajo de combatir la inseguridad y no representa gastos adicionales\u201d.<\/p>\n\n\n\n<p>El Subsecretario de Seguridad P\u00fablica, Ricardo Mej\u00eda, indic\u00f3 que la problem\u00e1tica debe atenderse por los tres niveles de gobierno desde diferentes \u00f3pticas.&nbsp;&nbsp;<\/p>\n\n\n\n<p>En la reuni\u00f3n participaron la Secretaria Ejecutiva Adjunta del Sistema de Seguridad P\u00fablica, Bertha Alcalde; el Subsecretario de Planeaci\u00f3n, Prevenci\u00f3n, Protecci\u00f3n Civil y Construcci\u00f3n de Paz de la Secretar\u00eda de Seguridad, Alejandro Robledo, y autoridades municipales de M\u00e9rida, Ciudad Ju\u00e1rez, Tlaxcala, Hermosillo, Naucalpan, Iztacalco, Nezahualc\u00f3yotl, La Paz, Oth\u00f3n Palo Blanco, Los Mochis y Chihuahua.<\/p>\n","protected":false},"excerpt":{"rendered":"<p>Al reunirse en la Secretar\u00eda de Seguridad y Protecci\u00f3n Ciudadana para compartir sus modelos exitosos para combatir la inseguridad, Alcaldes de todo el Pa\u00eds acordaron trabajar de manera conjunta para erradicar esta problem\u00e1tica de ra\u00edz. En su participaci\u00f3n, la presidenta de la Conferencia Nacional de Seguridad P\u00fablica Municipal (CNSPM), Clara Luz Flores Carrales, se\u00f1al\u00f3 que [&hellip;]<\/p>\n","protected":false},"author":1,"featured_media":16828,"comment_status":"open","ping_status":"open","sticky":false,"template":"","format":"standard","meta":{"footnotes":""},"categories":[2,5],"tags":[],"_links":{"self":[{"href":"https:\/\/diariodigitalmx.com\/index.php\/wp-json\/wp\/v2\/posts\/16824"}],"collection":[{"href":"https:\/\/diariodigitalmx.com\/index.php\/wp-json\/wp\/v2\/posts"}],"about":[{"href":"https:\/\/diariodigitalmx.com\/index.php\/wp-json\/wp\/v2\/types\/post"}],"author":[{"embeddable":true,"href":"https:\/\/diariodigitalmx.com\/index.php\/wp-json\/wp\/v2\/users\/1"}],"replies":[{"embeddable":true,"href":"https:\/\/diariodigitalmx.com\/index.php\/wp-json\/wp\/v2\/comments?post=16824"}],"version-history":[{"count":5,"href":"https:\/\/diariodigitalmx.com\/index.php\/wp-json\/wp\/v2\/posts\/16824\/revisions"}],"predecessor-version":[{"id":16834,"href":"https:\/\/diariodigitalmx.com\/index.php\/wp-json\/wp\/v2\/posts\/16824\/revisions\/16834"}],"wp:featuredmedia":[{"embeddable":true,"href":"https:\/\/diariodigitalmx.com\/index.php\/wp-json\/wp\/v2\/media\/16828"}],"wp:attachment":[{"href":"https:\/\/diariodigitalmx.com\/index.php\/wp-json\/wp\/v2\/media?parent=16824"}],"wp:term":[{"taxonomy":"category","embeddable":true,"href":"https:\/\/diariodigitalmx.com\/index.php\/wp-json\/wp\/v2\/categories?post=16824"},{"taxonomy":"post_tag","embeddable":true,"href":"https:\/\/diariodigitalmx.com\/index.php\/wp-json\/wp\/v2\/tags?post=16824"}],"curies":[{"name":"wp","href":"https:\/\/api.w.org\/{rel}","templated":true}]}}