{"id":16835,"date":"2019-11-14T19:18:53","date_gmt":"2019-11-15T01:18:53","guid":{"rendered":"http:\/\/diariodigitalmx.com\/?p=16835"},"modified":"2019-11-14T19:21:07","modified_gmt":"2019-11-15T01:21:07","slug":"reconoce-embajador","status":"publish","type":"post","link":"https:\/\/diariodigitalmx.com\/index.php\/2019\/11\/14\/reconoce-embajador\/","title":{"rendered":"Reconoce embajador Landau, que EU es parte de la inseguridad en M\u00e9xico y llama a dejar de culparse uno al otro"},"content":{"rendered":"\n<p>David Casas<\/p>\n\n\n\n<p>Monterrey, N. L- Christopher Landau, embajador de Estados Unidos en M\u00e9xico dijo sentirse avergonzado de que en su pa\u00eds haya drogadicci\u00f3n y llam\u00f3 a ambos pa\u00edses a dejar de culparse el uno al otro por el problema de la inseguridad. &#8216;Ya basta&#8221;, expuso.<br><\/p>\n\n\n\n<p>&#8220;Para mi es una verg\u00fcenza que en mi pa\u00eds hay tanta drogadicci\u00f3n, no entiendo realmente, de todo coraz\u00f3n no entiendo, c\u00f3mo somos un pa\u00eds tan libre, con tantas oportunidades en la vida, y c\u00f3mo tanta de nuestra gente va hacia las drogas y se pasan tomando estupefacientes&#8221;.<br><\/p>\n\n\n\n<p>Reconoci\u00f3 que parte de la inseguridad que vive M\u00e9xico se debe tambi\u00e9n al problema de drogadicci\u00f3n que tiene Estados Unidos.<\/p>\n\n\n\n<p><br><\/p>\n\n\n\n<figure class=\"wp-block-image\"><img loading=\"lazy\" decoding=\"async\" width=\"1024\" height=\"683\" src=\"http:\/\/diariodigitalmx.com\/wp-content\/uploads\/2019\/11\/3-1-1024x683.jpg\" alt=\"\" class=\"wp-image-16841\" srcset=\"https:\/\/diariodigitalmx.com\/wp-content\/uploads\/2019\/11\/3-1-1024x683.jpg 1024w, https:\/\/diariodigitalmx.com\/wp-content\/uploads\/2019\/11\/3-1-300x200.jpg 300w, https:\/\/diariodigitalmx.com\/wp-content\/uploads\/2019\/11\/3-1-768x512.jpg 768w\" sizes=\"(max-width: 1024px) 100vw, 1024px\" \/><\/figure>\n\n\n\n<p>&#8220;Yo creo que nosotros en nuestro lado de la frontera tambi\u00e9n tenemos much\u00edsimo qu\u00e9 hacer y yo lo reconozco, por eso son retos compartidos. Yo reconozco que muchos de los problemas que M\u00e9xico est\u00e1 enfrentando con el crimen organizado, son los resultados de nuestra drogadicci\u00f3n&#8221;, expuso en el Simposio Internacional de Econom\u00eda, organizado por la Sociedad de Alumnos de Licenciado en Econom\u00eda del Campus Monterrey.<\/p>\n\n\n\n<p>Calific\u00f3 los hechos de Culiac\u00e1n del ataque a la familia LeBaron y concluy\u00f3 que es una verdadera amenaza muy peligrosa, que si no se controla, la situaci\u00f3n en M\u00e9xico va a empeorar much\u00edsimo.<br><\/p>\n\n\n\n<p>&#8220;Tenemos que enfrentar estos retos de seguridad, es important\u00edsimo para el futuro de M\u00e9xico. No puede ser que haya grupos de delincuentes que tienen el control de parte del territorio de M\u00e9xico, eso es b\u00e1sico para la soberan\u00eda, que tiene que ser el Ej\u00e9rcito el que tenga el monopolio&#8221;, destac\u00f3 el diplom\u00e1tico estadounidense.<\/p>\n\n\n\n<p><br><\/p>\n\n\n\n<figure class=\"wp-block-image\"><img loading=\"lazy\" decoding=\"async\" width=\"1024\" height=\"802\" src=\"http:\/\/diariodigitalmx.com\/wp-content\/uploads\/2019\/11\/EJW3TnAXkAI79NT-1024x802.jpg\" alt=\"\" class=\"wp-image-16843\" srcset=\"https:\/\/diariodigitalmx.com\/wp-content\/uploads\/2019\/11\/EJW3TnAXkAI79NT.jpg 1024w, https:\/\/diariodigitalmx.com\/wp-content\/uploads\/2019\/11\/EJW3TnAXkAI79NT-300x235.jpg 300w, https:\/\/diariodigitalmx.com\/wp-content\/uploads\/2019\/11\/EJW3TnAXkAI79NT-768x602.jpg 768w\" sizes=\"(max-width: 1024px) 100vw, 1024px\" \/><\/figure>\n\n\n\n<p>Dijo reconocer que Estados Unidos es parte del problema en M\u00e9xico y por eso \u00e9l quiere ser parte de la soluci\u00f3n porque no podemos estar en la situaci\u00f3n donde nos estamos culpando el uno al otro, donde los estadounidenses piensan: &#8220;ah, este es problema de M\u00e9xico,&nbsp; y los mexicanos dicen ah, no, es problema de EU&#8221;.<br><\/p>\n\n\n\n<p>&#8220;Ya basta de eso, realmente no podemos estar culp\u00e1ndonos el uno al otro todo el tiempo, los malos son los criminales organizados, los delincuentes y son una amenaza muy real, esto no es algo de una pel\u00edcula&#8221;.<\/p>\n\n\n\n<p><\/p>\n","protected":false},"excerpt":{"rendered":"<p>David Casas Monterrey, N. L- Christopher Landau, embajador de Estados Unidos en M\u00e9xico dijo sentirse avergonzado de que en su pa\u00eds haya drogadicci\u00f3n y llam\u00f3 a ambos pa\u00edses a dejar de culparse el uno al otro por el problema de la inseguridad. &#8216;Ya basta&#8221;, expuso. &#8220;Para mi es una verg\u00fcenza que en mi pa\u00eds hay [&hellip;]<\/p>\n","protected":false},"author":1,"featured_media":16839,"comment_status":"open","ping_status":"open","sticky":false,"template":"","format":"standard","meta":{"footnotes":""},"categories":[6,3],"tags":[],"_links":{"self":[{"href":"https:\/\/diariodigitalmx.com\/index.php\/wp-json\/wp\/v2\/posts\/16835"}],"collection":[{"href":"https:\/\/diariodigitalmx.com\/index.php\/wp-json\/wp\/v2\/posts"}],"about":[{"href":"https:\/\/diariodigitalmx.com\/index.php\/wp-json\/wp\/v2\/types\/post"}],"author":[{"embeddable":true,"href":"https:\/\/diariodigitalmx.com\/index.php\/wp-json\/wp\/v2\/users\/1"}],"replies":[{"embeddable":true,"href":"https:\/\/diariodigitalmx.com\/index.php\/wp-json\/wp\/v2\/comments?post=16835"}],"version-history":[{"count":4,"href":"https:\/\/diariodigitalmx.com\/index.php\/wp-json\/wp\/v2\/posts\/16835\/revisions"}],"predecessor-version":[{"id":16844,"href":"https:\/\/diariodigitalmx.com\/index.php\/wp-json\/wp\/v2\/posts\/16835\/revisions\/16844"}],"wp:featuredmedia":[{"embeddable":true,"href":"https:\/\/diariodigitalmx.com\/index.php\/wp-json\/wp\/v2\/media\/16839"}],"wp:attachment":[{"href":"https:\/\/diariodigitalmx.com\/index.php\/wp-json\/wp\/v2\/media?parent=16835"}],"wp:term":[{"taxonomy":"category","embeddable":true,"href":"https:\/\/diariodigitalmx.com\/index.php\/wp-json\/wp\/v2\/categories?post=16835"},{"taxonomy":"post_tag","embeddable":true,"href":"https:\/\/diariodigitalmx.com\/index.php\/wp-json\/wp\/v2\/tags?post=16835"}],"curies":[{"name":"wp","href":"https:\/\/api.w.org\/{rel}","templated":true}]}}