{"id":16868,"date":"2019-11-15T12:25:43","date_gmt":"2019-11-15T18:25:43","guid":{"rendered":"http:\/\/diariodigitalmx.com\/?p=16868"},"modified":"2019-11-15T12:27:03","modified_gmt":"2019-11-15T18:27:03","slug":"16868","status":"publish","type":"post","link":"https:\/\/diariodigitalmx.com\/index.php\/2019\/11\/15\/16868\/","title":{"rendered":"Hasta el d\u00eda 20 discusi\u00f3n del presupuesto federal; se aplaz\u00f3 por falta de condiciones"},"content":{"rendered":"\n<p>La Junta de Coordinaci\u00f3n Pol\u00edtica y la Mesa Directiva de la C\u00e1mara de Diputados anunciaron que la sesi\u00f3n del pleno que estaba programada para este viernes se pospone para el mi\u00e9rcoles 20 de noviembre, ante la falta de condiciones para el ingreso de los legisladores al Palacio Legislativo de San L\u00e1zaro.<\/p>\n\n\n\n<p>En conferencia de prensa, los diputados Mario Delgado y Laura Rojas, presidentes de ambos \u00f3rganos de gobierno, respectivamente, se\u00f1alaron que hasta la ma\u00f1ana de este viernes no se han logrado los acuerdos suficientes para que las organizaciones campesinas que mantienen bloqueados los accesos de San L\u00e1zaro los liberen y permitan el ingreso de los legisladores.<\/p>\n\n\n\n<p>En tanto, en la p\u00e1gina oficial de la C\u00e1mara de Diputados ya aparece la nueva convocatoria para la pr\u00f3xima sesi\u00f3n ordinaria que tendr\u00e1 lugar el mi\u00e9rcoles pr\u00f3ximo.<\/p>\n\n\n\n<p>Mario Delgado, presidente de la Junta de Coordinaci\u00f3n Pol\u00edtica (Jucopo), inform\u00f3 que a partir de las 12:00 horas este \u00f3rgano legislativo continuar\u00e1 las reuniones con los l\u00edderes campesinos en busca de los acuerdos.<\/p>\n\n\n\n<p><\/p>\n","protected":false},"excerpt":{"rendered":"<p>La Junta de Coordinaci\u00f3n Pol\u00edtica y la Mesa Directiva de la C\u00e1mara de Diputados anunciaron que la sesi\u00f3n del pleno que estaba programada para este viernes se pospone para el mi\u00e9rcoles 20 de noviembre, ante la falta de condiciones para el ingreso de los legisladores al Palacio Legislativo de San L\u00e1zaro. En conferencia de prensa, [&hellip;]<\/p>\n","protected":false},"author":1,"featured_media":16871,"comment_status":"open","ping_status":"open","sticky":true,"template":"","format":"standard","meta":{"footnotes":""},"categories":[2,5],"tags":[],"_links":{"self":[{"href":"https:\/\/diariodigitalmx.com\/index.php\/wp-json\/wp\/v2\/posts\/16868"}],"collection":[{"href":"https:\/\/diariodigitalmx.com\/index.php\/wp-json\/wp\/v2\/posts"}],"about":[{"href":"https:\/\/diariodigitalmx.com\/index.php\/wp-json\/wp\/v2\/types\/post"}],"author":[{"embeddable":true,"href":"https:\/\/diariodigitalmx.com\/index.php\/wp-json\/wp\/v2\/users\/1"}],"replies":[{"embeddable":true,"href":"https:\/\/diariodigitalmx.com\/index.php\/wp-json\/wp\/v2\/comments?post=16868"}],"version-history":[{"count":2,"href":"https:\/\/diariodigitalmx.com\/index.php\/wp-json\/wp\/v2\/posts\/16868\/revisions"}],"predecessor-version":[{"id":16872,"href":"https:\/\/diariodigitalmx.com\/index.php\/wp-json\/wp\/v2\/posts\/16868\/revisions\/16872"}],"wp:featuredmedia":[{"embeddable":true,"href":"https:\/\/diariodigitalmx.com\/index.php\/wp-json\/wp\/v2\/media\/16871"}],"wp:attachment":[{"href":"https:\/\/diariodigitalmx.com\/index.php\/wp-json\/wp\/v2\/media?parent=16868"}],"wp:term":[{"taxonomy":"category","embeddable":true,"href":"https:\/\/diariodigitalmx.com\/index.php\/wp-json\/wp\/v2\/categories?post=16868"},{"taxonomy":"post_tag","embeddable":true,"href":"https:\/\/diariodigitalmx.com\/index.php\/wp-json\/wp\/v2\/tags?post=16868"}],"curies":[{"name":"wp","href":"https:\/\/api.w.org\/{rel}","templated":true}]}}