{"id":16876,"date":"2019-11-15T12:31:50","date_gmt":"2019-11-15T18:31:50","guid":{"rendered":"http:\/\/diariodigitalmx.com\/?p=16876"},"modified":"2019-11-15T12:33:20","modified_gmt":"2019-11-15T18:33:20","slug":"si-la-gente-dice-en-consulta-no-al-tren-maya-hasta-ahi-llegamos-dice-presidente-lopez","status":"publish","type":"post","link":"https:\/\/diariodigitalmx.com\/index.php\/2019\/11\/15\/si-la-gente-dice-en-consulta-no-al-tren-maya-hasta-ahi-llegamos-dice-presidente-lopez\/","title":{"rendered":"Si la gente dice en consulta no al Tren Maya, hasta ah\u00ed llegamos, dice Presidente L\u00f3pez"},"content":{"rendered":"\n<p>El presidente Andr\u00e9s Manuel L\u00f3pez Obrador present\u00f3 el Plan de Consulta sobre el Tren Maya, para conocer la opini\u00f3n de los habitantes de la regi\u00f3n, especialmente de las comunidades ind\u00edgenas, por donde pasar\u00e1 este medio de transporte en el sureste del pa\u00eds: Chiapas, Tabasco, Campeche, Yucat\u00e1n y Quintana Roo.<\/p>\n\n\n\n<p>\u201cEsto es muy importante porque se est\u00e1 cumpliendo con el compromiso que tenemos de mandar obedeciendo. La democracia es eso: gobierno del pueblo, con el pueblo y para el pueblo\u201d, expres\u00f3 el mandatario federal en su conferencia de prensa, donde lo acompa\u00f1aron los titulares del Fonatur, Rogelio Jim\u00e9nez Pons, y del Instituto Nacional de los Pueblos Ind\u00edgenas, Adelfo Regino.<\/p>\n\n\n\n<p>El mandatario federal dej\u00f3 claro que se respetar\u00e1 la voluntad de los ciudadanos, &#8220;si la gente dice s\u00ed, vamos, ya tenemos los estudios t\u00e9cnicos y lanzamos la convocatoria y tenemos tambi\u00e9n los recursos disponibles para el inicio&#8230; Si la gente dice no, ah\u00ed quedo, hasta ah\u00ed llegamos, el pueblo manda&#8221;.<\/p>\n\n\n\n<p>Jim\u00e9nez Pons indic\u00f3 que el proceso de la consulta inicia formalmente este viernes e indic\u00f3 que el&nbsp;proyecto de esta obra implicar\u00e1 una inversi\u00f3n total de 120 mil millones de pesos, &#8220;el tren es una oportunidad para saldar la deuda hist\u00f3rica con el sureste del pa\u00eds&#8221;, afirm\u00f3.<\/p>\n\n\n\n<p>A su vez, Regino Montes indic\u00f3 que el objetivo de la consulta ind\u00edgena es tener un dialogo directo con las comunidades ind\u00edgenas ubicadas en el trayecto del Tren Maya, con el fin de que haya acuerdos y los habitantes de la regi\u00f3n sean part\u00edcipes de los beneficios.<\/p>\n\n\n\n<p>\u201cSer\u00e1 una jornada hist\u00f3rica, in\u00e9dita\u201d, afirm\u00f3 el funcionario quien confi\u00f3 en que participar\u00e1n tanto ciudadanos como autoridades municipales, comunitarias y tradicionales de esas comunidades para lograr el prop\u00f3sito de \u201ccumplir la ley y el deseo de un gobierno que mande obedeciendo, que atienda el mandato de la ciudadan\u00eda\u201d.<\/p>\n\n\n\n<p>En tanto, la subsecretaria de Desarrollo y Participaci\u00f3n Social y Asuntos Religiosos, Diana \u00c1lvarez Maury, explic\u00f3 que habr\u00e1 una consulta ind\u00edgena y un ejercicio participativo acerca del Tren Maya, que se realizar\u00e1n el 15 de diciembre en 40 municipios directamente involucrados en la v\u00eda del tren, ubicados en los cinco estados del sureste.<\/p>\n","protected":false},"excerpt":{"rendered":"<p>El presidente Andr\u00e9s Manuel L\u00f3pez Obrador present\u00f3 el Plan de Consulta sobre el Tren Maya, para conocer la opini\u00f3n de los habitantes de la regi\u00f3n, especialmente de las comunidades ind\u00edgenas, por donde pasar\u00e1 este medio de transporte en el sureste del pa\u00eds: Chiapas, Tabasco, Campeche, Yucat\u00e1n y Quintana Roo. \u201cEsto es muy importante porque se [&hellip;]<\/p>\n","protected":false},"author":1,"featured_media":16879,"comment_status":"open","ping_status":"open","sticky":true,"template":"","format":"standard","meta":{"footnotes":""},"categories":[2,5],"tags":[],"_links":{"self":[{"href":"https:\/\/diariodigitalmx.com\/index.php\/wp-json\/wp\/v2\/posts\/16876"}],"collection":[{"href":"https:\/\/diariodigitalmx.com\/index.php\/wp-json\/wp\/v2\/posts"}],"about":[{"href":"https:\/\/diariodigitalmx.com\/index.php\/wp-json\/wp\/v2\/types\/post"}],"author":[{"embeddable":true,"href":"https:\/\/diariodigitalmx.com\/index.php\/wp-json\/wp\/v2\/users\/1"}],"replies":[{"embeddable":true,"href":"https:\/\/diariodigitalmx.com\/index.php\/wp-json\/wp\/v2\/comments?post=16876"}],"version-history":[{"count":3,"href":"https:\/\/diariodigitalmx.com\/index.php\/wp-json\/wp\/v2\/posts\/16876\/revisions"}],"predecessor-version":[{"id":16881,"href":"https:\/\/diariodigitalmx.com\/index.php\/wp-json\/wp\/v2\/posts\/16876\/revisions\/16881"}],"wp:featuredmedia":[{"embeddable":true,"href":"https:\/\/diariodigitalmx.com\/index.php\/wp-json\/wp\/v2\/media\/16879"}],"wp:attachment":[{"href":"https:\/\/diariodigitalmx.com\/index.php\/wp-json\/wp\/v2\/media?parent=16876"}],"wp:term":[{"taxonomy":"category","embeddable":true,"href":"https:\/\/diariodigitalmx.com\/index.php\/wp-json\/wp\/v2\/categories?post=16876"},{"taxonomy":"post_tag","embeddable":true,"href":"https:\/\/diariodigitalmx.com\/index.php\/wp-json\/wp\/v2\/tags?post=16876"}],"curies":[{"name":"wp","href":"https:\/\/api.w.org\/{rel}","templated":true}]}}