{"id":1690,"date":"2019-03-29T10:49:33","date_gmt":"2019-03-29T16:49:33","guid":{"rendered":"http:\/\/diariodigitalmx.com\/?p=1690"},"modified":"2019-03-29T10:50:12","modified_gmt":"2019-03-29T16:50:12","slug":"monterrey-flash-entre-lo-mejor-del-deporte-federado","status":"publish","type":"post","link":"https:\/\/diariodigitalmx.com\/index.php\/2019\/03\/29\/monterrey-flash-entre-lo-mejor-del-deporte-federado\/","title":{"rendered":"Monterrey Flash entre lo mejor del deporte federado"},"content":{"rendered":"\n<ul class=\"wp-block-gallery columns-2 is-cropped wp-block-gallery-1 is-layout-flex wp-block-gallery-is-layout-flex\"><li class=\"blocks-gallery-item\"><figure><img loading=\"lazy\" decoding=\"async\" width=\"768\" height=\"1024\" src=\"http:\/\/diariodigitalmx.com\/wp-content\/uploads\/2019\/03\/thumbnail_55c3663b-f1f0-4d29-8828-bb61a3c8ecbb-768x1024.jpg\" alt=\"\" data-id=\"1693\" data-link=\"http:\/\/diariodigitalmx.com\/index.php\/2019\/03\/29\/monterrey-flash-entre-lo-mejor-del-deporte-federado\/thumbnail_55c3663b-f1f0-4d29-8828-bb61a3c8ecbb\/\" class=\"wp-image-1693\" srcset=\"https:\/\/diariodigitalmx.com\/wp-content\/uploads\/2019\/03\/thumbnail_55c3663b-f1f0-4d29-8828-bb61a3c8ecbb-768x1024.jpg 768w, https:\/\/diariodigitalmx.com\/wp-content\/uploads\/2019\/03\/thumbnail_55c3663b-f1f0-4d29-8828-bb61a3c8ecbb-225x300.jpg 225w, https:\/\/diariodigitalmx.com\/wp-content\/uploads\/2019\/03\/thumbnail_55c3663b-f1f0-4d29-8828-bb61a3c8ecbb.jpg 960w\" sizes=\"(max-width: 768px) 100vw, 768px\" \/><\/figure><\/li><li class=\"blocks-gallery-item\"><figure><img loading=\"lazy\" decoding=\"async\" width=\"768\" height=\"1024\" src=\"http:\/\/diariodigitalmx.com\/wp-content\/uploads\/2019\/03\/thumbnail_d5f2f3be-7985-41bf-97ee-d57e23bea4bb-768x1024.jpg\" alt=\"\" data-id=\"1694\" data-link=\"http:\/\/diariodigitalmx.com\/index.php\/2019\/03\/29\/monterrey-flash-entre-lo-mejor-del-deporte-federado\/thumbnail_d5f2f3be-7985-41bf-97ee-d57e23bea4bb\/\" class=\"wp-image-1694\" srcset=\"https:\/\/diariodigitalmx.com\/wp-content\/uploads\/2019\/03\/thumbnail_d5f2f3be-7985-41bf-97ee-d57e23bea4bb-768x1024.jpg 768w, https:\/\/diariodigitalmx.com\/wp-content\/uploads\/2019\/03\/thumbnail_d5f2f3be-7985-41bf-97ee-d57e23bea4bb-225x300.jpg 225w, https:\/\/diariodigitalmx.com\/wp-content\/uploads\/2019\/03\/thumbnail_d5f2f3be-7985-41bf-97ee-d57e23bea4bb.jpg 960w\" sizes=\"(max-width: 768px) 100vw, 768px\" \/><\/figure><\/li><\/ul>\n\n\n\n<p>-Recibe reconocimiento por parte de la CODEME por el\nSubcampeonato alcanzado en el 2018 dentro de Major Arena Soccer League siendo\nconsiderado adem\u00e1s como el m\u00e1ximo exponente mexicano del f\u00fatbol r\u00e1pido a nivel\ninternacional.<\/p>\n\n\n\n<p>Por: Ra\u00fal Emigdio Guevara Ortiz\/Prensa Mty. Flash.- Por\nposeer los m\u00e9ritos necesarios para ser considerado como el m\u00e1ximo representante\nmexicano del f\u00fatbol r\u00e1pido a nivel internacional durante el a\u00f1o 2018, el equipo\nMonterrey Flash recibi\u00f3 este jueves el galard\u00f3n \u201cLuchador Olmeca\u201d otorgada por\nla Confederaci\u00f3n Deportiva Mexicana a lo mejor del deporte federado.<\/p>\n\n\n\n<p>En ceremonia llevada a cabo en el auditorio Jos\u00e9 Garc\u00eda\nCervantes de la CODEME, Gerardo Guerra Lozano Presidente del Monterrey Flash\nrecibi\u00f3 a nombre de la directiva, jugadores, cuerpo t\u00e9cnico y patrocinadores el\nreconocimiento que por segunda ocasi\u00f3n en 5 a\u00f1os se le otorga al equipo\nprofesional mexicano participante en la liga internacional MASL.<\/p>\n\n\n\n<p>\u201cEl m\u00e9rito es por el subcampeonato del Monterrey Flash de la\nfinal contra Baltimore, es un premio que se le da a lo mejor de cada\nFederaci\u00f3n, donde se reciben las propuestas por partes de las distintas\nfederaciones deportivas y hay un Comit\u00e9 que acepta si ha recibido los m\u00e9ritos\npara poder recibir este premio, y en esta ocasi\u00f3n se consider\u00f3 que nuestro\nequipo ten\u00eda los suficientes para que le fuera entregado\u201d, coment\u00f3 Gerardo\nGuerra Lozano, despu\u00e9s de recibir el reconocimiento de parte del Dr. Jos\u00e9 Amado\nArg\u00fcelles Presidente de la CODEME.<\/p>\n\n\n\n<p>\u201cEs un honor que hayan tomado en cuenta el equipo\u201d, agreg\u00f3\u201d y\neste no es un premio a Gerardo Guerra Lozano, es un premio a Monterrey Flash\ndesde el utilero hasta el presidente y propietarios, todos haciendo su trabajo\npara llegar a este objetivo\u201d.<\/p>\n\n\n\n<p>Por su parte Alfredo Maccise Saade, Presidente de la Federaci\u00f3n\nMexicana de F\u00fatbol R\u00e1pido y F\u00fatbol 7 manifest\u00f3 su satisfacci\u00f3n por ser\nMonterrey Flash ganador por segunda ocasi\u00f3n del Luchador Olmeca, la primera en\nel 2015, \u201clos felicito por su gran fortaleza, estructura y continuidad que se\nve cada vez mejor dentro del equipo, siendo este galard\u00f3n tambi\u00e9n una muestra\ndel valor que tiene el f\u00fatbol r\u00e1pido en el pa\u00eds y del valor que le debemos dar\nal deporte, siendo uno de sus m\u00e1ximos impulsores Gerardo Guerra Lozano, uno\npilar para nuestra Federaci\u00f3n que ha hecho que el f\u00fatbol r\u00e1pido siga vivo,\nsobre todo hist\u00f3ricamente con el \u00fanico equipo que actualmente est\u00e1 participando\na la liga profesional, enhorabuena a los Monterrey Flash, sus directivos a\ntodos los que con el equipo colaboran y a su fiel afici\u00f3n que tanto lo apoya\u201d.<\/p>\n\n\n\n<p>Actualmente el equipo mexicano de f\u00fatbol r\u00e1pido profesional\ncontin\u00faa con su participaci\u00f3n dentro del Major Arena Soccer League donde se\nubica en el tercer lugar general peleando con sus similares de Estados Unidos y\nCanad\u00e1 en busca de un nuevo triunfo internacional que lo colocar\u00eda en la\nantesala del Luchador Olmeca 2019.<\/p>\n","protected":false},"excerpt":{"rendered":"<p>-Recibe reconocimiento por parte de la CODEME por el Subcampeonato alcanzado en el 2018 dentro de Major Arena Soccer League siendo considerado adem\u00e1s como el m\u00e1ximo exponente mexicano del f\u00fatbol r\u00e1pido a nivel internacional. Por: Ra\u00fal Emigdio Guevara Ortiz\/Prensa Mty. Flash.- Por poseer los m\u00e9ritos necesarios para ser considerado como el m\u00e1ximo representante mexicano del [&hellip;]<\/p>\n","protected":false},"author":1,"featured_media":1691,"comment_status":"open","ping_status":"open","sticky":true,"template":"","format":"standard","meta":{"footnotes":""},"categories":[8],"tags":[],"_links":{"self":[{"href":"https:\/\/diariodigitalmx.com\/index.php\/wp-json\/wp\/v2\/posts\/1690"}],"collection":[{"href":"https:\/\/diariodigitalmx.com\/index.php\/wp-json\/wp\/v2\/posts"}],"about":[{"href":"https:\/\/diariodigitalmx.com\/index.php\/wp-json\/wp\/v2\/types\/post"}],"author":[{"embeddable":true,"href":"https:\/\/diariodigitalmx.com\/index.php\/wp-json\/wp\/v2\/users\/1"}],"replies":[{"embeddable":true,"href":"https:\/\/diariodigitalmx.com\/index.php\/wp-json\/wp\/v2\/comments?post=1690"}],"version-history":[{"count":2,"href":"https:\/\/diariodigitalmx.com\/index.php\/wp-json\/wp\/v2\/posts\/1690\/revisions"}],"predecessor-version":[{"id":1695,"href":"https:\/\/diariodigitalmx.com\/index.php\/wp-json\/wp\/v2\/posts\/1690\/revisions\/1695"}],"wp:featuredmedia":[{"embeddable":true,"href":"https:\/\/diariodigitalmx.com\/index.php\/wp-json\/wp\/v2\/media\/1691"}],"wp:attachment":[{"href":"https:\/\/diariodigitalmx.com\/index.php\/wp-json\/wp\/v2\/media?parent=1690"}],"wp:term":[{"taxonomy":"category","embeddable":true,"href":"https:\/\/diariodigitalmx.com\/index.php\/wp-json\/wp\/v2\/categories?post=1690"},{"taxonomy":"post_tag","embeddable":true,"href":"https:\/\/diariodigitalmx.com\/index.php\/wp-json\/wp\/v2\/tags?post=1690"}],"curies":[{"name":"wp","href":"https:\/\/api.w.org\/{rel}","templated":true}]}}