{"id":17051,"date":"2019-11-17T18:59:11","date_gmt":"2019-11-18T00:59:11","guid":{"rendered":"http:\/\/diariodigitalmx.com\/?p=17051"},"modified":"2019-11-17T19:01:00","modified_gmt":"2019-11-18T01:01:00","slug":"suman-ya-23-muertos-y-715-heridos-en-protestas-en-bolivia","status":"publish","type":"post","link":"https:\/\/diariodigitalmx.com\/index.php\/2019\/11\/17\/suman-ya-23-muertos-y-715-heridos-en-protestas-en-bolivia\/","title":{"rendered":"Suman ya 23 muertos y 715 heridos en protestas en Bolivia"},"content":{"rendered":"\n<p>Al menos 23 personas han muerto y 715 han resultado heridas, entre ellas ocho periodistas, durante las protestas y manifestaciones registradas en Bolivia.<\/p>\n\n\n\n<p>De acuerdo con la Comisi\u00f3n Interamericana de Derechos Humanos (CIDH) y la Defensor\u00eda del Pueblo de Bolivia, 19 hombres asesinados ya han sido identificados, sin embargo cuatro m\u00e1s permanecen sin ser reconocidos. Los heridos se dividen en 631 hombres y 84 mujeres.<\/p>\n\n\n\n<p>Hasta ahora el enfrentamiento m\u00e1s sangriento fue el registrado en el puente Huayllani, cuando cocaleros simpatizantes de Evo Morales trataron de cruzarlo con direcci\u00f3n a Cochabamba, ciudad ubicada en el centro del pa\u00eds. En ese episodio fallecieron nueve personas, en el municipio de Sacaba.<\/p>\n\n\n\n<p>Entre los heridos tambi\u00e9n hay 56 polic\u00edas, de acuerdo con el reporte de la Defensor\u00eda del Pueblo de Bolivia.<\/p>\n\n\n\n<figure class=\"wp-block-image\"><img loading=\"lazy\" decoding=\"async\" width=\"600\" height=\"334\" src=\"http:\/\/diariodigitalmx.com\/wp-content\/uploads\/2019\/11\/images-4-1.jpeg\" alt=\"\" class=\"wp-image-17056\" srcset=\"https:\/\/diariodigitalmx.com\/wp-content\/uploads\/2019\/11\/images-4-1.jpeg 600w, https:\/\/diariodigitalmx.com\/wp-content\/uploads\/2019\/11\/images-4-1-300x167.jpeg 300w\" sizes=\"(max-width: 600px) 100vw, 600px\" \/><\/figure>\n\n\n\n<p>Las protestas comenzaron tras las elecciones generales del 23 de octubre, con vecinos y ciudadanos oponi\u00e9ndose a la reelecci\u00f3n de Morales, acusando fraude electoral y manifest\u00e1ndose en defensa del voto.<\/p>\n\n\n\n<p>El 10 de noviembre observadores de la Organizaci\u00f3n de Estados Americanos (OEA) que auditaron la jornada electoral dieron a conocer un informe preliminar que establec\u00eda que encontraron irregularidades en los cuatro elementos revisados: tecnolog\u00eda, cadena de custodia, integridad de las actas y proyecciones estad\u00edsticas.<\/p>\n\n\n\n<p>Por ello, la OEA cuestion\u00f3 los resultados del Tribunal Supremo Electoral (TSE), que dio la victoria a Evo Morales en primera vuelta con el 47.08 por ciento de los votos. La OEA se pronunci\u00f3 en contra de la validez del proceso y recomend\u00f3 convocar a nuevos comicios.<\/p>\n\n\n\n<figure class=\"wp-block-image\"><img loading=\"lazy\" decoding=\"async\" width=\"600\" height=\"338\" src=\"http:\/\/diariodigitalmx.com\/wp-content\/uploads\/2019\/11\/images-3-3.jpeg\" alt=\"\" class=\"wp-image-17058\" srcset=\"https:\/\/diariodigitalmx.com\/wp-content\/uploads\/2019\/11\/images-3-3.jpeg 600w, https:\/\/diariodigitalmx.com\/wp-content\/uploads\/2019\/11\/images-3-3-300x169.jpeg 300w\" sizes=\"(max-width: 600px) 100vw, 600px\" \/><\/figure>\n\n\n\n<p>La presi\u00f3n social escal\u00f3 entonces de tal forma que las fuerzas armadas recomendaron a Morales dimitir; el entonces mandatario renunci\u00f3 para evitar derramamiento de sangre y acept\u00f3 el asilo pol\u00edtico ofrecido por el gobierno de M\u00e9xico.<\/p>\n\n\n\n<p>M\u00e1s adelante la senadora Jeanine \u00c1\u00f1ez asumi\u00f3 la presidencia interina aplicando el principio de \u201csucesi\u00f3n constitucional\u201d y concluy\u00f3 un paro c\u00edvico al que hab\u00edan convocado organizaciones de La Paz y Santa Cruz de la Sierra.<\/p>\n\n\n\n<p>Los simpatizantes de Morales han expresado su rechazo al gobierno de \u00c1\u00f1ez, lo que ha derivado en conflictos en La Paz, Cochabamba, Santa Cruz y otras regiones. Los enfrentamientos entre la poblaci\u00f3n civil y operaciones coordinadas de la polic\u00eda y el ej\u00e9rcito han arrojado la cifra de muertos y heridos reportada hasta ahora por la CIDH.<\/p>\n","protected":false},"excerpt":{"rendered":"<p>Al menos 23 personas han muerto y 715 han resultado heridas, entre ellas ocho periodistas, durante las protestas y manifestaciones registradas en Bolivia. De acuerdo con la Comisi\u00f3n Interamericana de Derechos Humanos (CIDH) y la Defensor\u00eda del Pueblo de Bolivia, 19 hombres asesinados ya han sido identificados, sin embargo cuatro m\u00e1s permanecen sin ser reconocidos. [&hellip;]<\/p>\n","protected":false},"author":1,"featured_media":17054,"comment_status":"open","ping_status":"open","sticky":false,"template":"","format":"standard","meta":{"footnotes":""},"categories":[4,5],"tags":[],"_links":{"self":[{"href":"https:\/\/diariodigitalmx.com\/index.php\/wp-json\/wp\/v2\/posts\/17051"}],"collection":[{"href":"https:\/\/diariodigitalmx.com\/index.php\/wp-json\/wp\/v2\/posts"}],"about":[{"href":"https:\/\/diariodigitalmx.com\/index.php\/wp-json\/wp\/v2\/types\/post"}],"author":[{"embeddable":true,"href":"https:\/\/diariodigitalmx.com\/index.php\/wp-json\/wp\/v2\/users\/1"}],"replies":[{"embeddable":true,"href":"https:\/\/diariodigitalmx.com\/index.php\/wp-json\/wp\/v2\/comments?post=17051"}],"version-history":[{"count":3,"href":"https:\/\/diariodigitalmx.com\/index.php\/wp-json\/wp\/v2\/posts\/17051\/revisions"}],"predecessor-version":[{"id":17059,"href":"https:\/\/diariodigitalmx.com\/index.php\/wp-json\/wp\/v2\/posts\/17051\/revisions\/17059"}],"wp:featuredmedia":[{"embeddable":true,"href":"https:\/\/diariodigitalmx.com\/index.php\/wp-json\/wp\/v2\/media\/17054"}],"wp:attachment":[{"href":"https:\/\/diariodigitalmx.com\/index.php\/wp-json\/wp\/v2\/media?parent=17051"}],"wp:term":[{"taxonomy":"category","embeddable":true,"href":"https:\/\/diariodigitalmx.com\/index.php\/wp-json\/wp\/v2\/categories?post=17051"},{"taxonomy":"post_tag","embeddable":true,"href":"https:\/\/diariodigitalmx.com\/index.php\/wp-json\/wp\/v2\/tags?post=17051"}],"curies":[{"name":"wp","href":"https:\/\/api.w.org\/{rel}","templated":true}]}}