{"id":17060,"date":"2019-11-18T16:43:14","date_gmt":"2019-11-18T22:43:14","guid":{"rendered":"http:\/\/diariodigitalmx.com\/?p=17060"},"modified":"2019-11-18T16:44:22","modified_gmt":"2019-11-18T22:44:22","slug":"son-padres-responsables-de-aumento-de-la-delincuencia-atribuye-gobernador-de-nl","status":"publish","type":"post","link":"https:\/\/diariodigitalmx.com\/index.php\/2019\/11\/18\/son-padres-responsables-de-aumento-de-la-delincuencia-atribuye-gobernador-de-nl\/","title":{"rendered":"Son padres responsables de aumento de la delincuencia, atribuye gobernador de NL"},"content":{"rendered":"\n<p>Jessica Leal<br> Monterrey, N. L- Para el gobernador de Nuevo Le\u00f3n, Jaime Rodr\u00edguez Calder\u00f3n, el alza en los \u00edndices de <br> delincuencia no solo aqu\u00ed, sino en el Pa\u00eds, se debe a que los padres de familia descuidan a sus hijos.<\/p>\n\n\n\n<p>La soluci\u00f3n no es un polic\u00eda en cada esquina sino un pap\u00e1 y una mam\u00e1 en casa, al pendiente de los hijos, dijo.<\/p>\n\n\n\n<p>&#8220;Si la delincuencia avanza, es porque nosotros hemos descuidado, como padres y madres, a nuestros hijos&#8221;, coment\u00f3 durante la celebraci\u00f3n del desfile conmemorativo de la Revoluci\u00f3n Mexicana.<\/p>\n\n\n\n<p>&#8220;Este mal solamente se vence si la familia est\u00e1 al pendiente, no hay otra soluci\u00f3n, no es teniendo un polic\u00eda en cada esquina, es teniendo un pap\u00e1 todos los d\u00edas en su casa, teniendo una mam\u00e1 pendiente de su hijo, a los hermanos hablando con los m\u00e1s peque\u00f1os, al cura, al maestro, al doctor, hablando para que nuestros hijos no se vayan por la tentaci\u00f3n&#8221;.<\/p>\n\n\n\n<p>El Bronco dice que se deben construir m\u00e1s penales porque los actuales en Nuevo Le\u00f3n est\u00e1n saturados de j\u00f3venes delincuentes.<\/p>\n\n\n\n<p>Lament\u00f3 que debido a esto no se pueden destinar mayores recursos a escuelas y hospitales que mejorar\u00edan las condiciones de vida en el Estado pues se enfoca el dinero a ese rubro.<\/p>\n\n\n\n<p>Se pronunci\u00f3 entonces por una nueva revoluci\u00f3n en M\u00e9xico, pero donde seamos mejores padres.<\/p>\n","protected":false},"excerpt":{"rendered":"<p>Jessica Leal Monterrey, N. L- Para el gobernador de Nuevo Le\u00f3n, Jaime Rodr\u00edguez Calder\u00f3n, el alza en los \u00edndices de delincuencia no solo aqu\u00ed, sino en el Pa\u00eds, se debe a que los padres de familia descuidan a sus hijos. La soluci\u00f3n no es un polic\u00eda en cada esquina sino un pap\u00e1 y una mam\u00e1 [&hellip;]<\/p>\n","protected":false},"author":1,"featured_media":17064,"comment_status":"open","ping_status":"open","sticky":false,"template":"","format":"standard","meta":{"footnotes":""},"categories":[6,3],"tags":[],"_links":{"self":[{"href":"https:\/\/diariodigitalmx.com\/index.php\/wp-json\/wp\/v2\/posts\/17060"}],"collection":[{"href":"https:\/\/diariodigitalmx.com\/index.php\/wp-json\/wp\/v2\/posts"}],"about":[{"href":"https:\/\/diariodigitalmx.com\/index.php\/wp-json\/wp\/v2\/types\/post"}],"author":[{"embeddable":true,"href":"https:\/\/diariodigitalmx.com\/index.php\/wp-json\/wp\/v2\/users\/1"}],"replies":[{"embeddable":true,"href":"https:\/\/diariodigitalmx.com\/index.php\/wp-json\/wp\/v2\/comments?post=17060"}],"version-history":[{"count":2,"href":"https:\/\/diariodigitalmx.com\/index.php\/wp-json\/wp\/v2\/posts\/17060\/revisions"}],"predecessor-version":[{"id":17062,"href":"https:\/\/diariodigitalmx.com\/index.php\/wp-json\/wp\/v2\/posts\/17060\/revisions\/17062"}],"wp:featuredmedia":[{"embeddable":true,"href":"https:\/\/diariodigitalmx.com\/index.php\/wp-json\/wp\/v2\/media\/17064"}],"wp:attachment":[{"href":"https:\/\/diariodigitalmx.com\/index.php\/wp-json\/wp\/v2\/media?parent=17060"}],"wp:term":[{"taxonomy":"category","embeddable":true,"href":"https:\/\/diariodigitalmx.com\/index.php\/wp-json\/wp\/v2\/categories?post=17060"},{"taxonomy":"post_tag","embeddable":true,"href":"https:\/\/diariodigitalmx.com\/index.php\/wp-json\/wp\/v2\/tags?post=17060"}],"curies":[{"name":"wp","href":"https:\/\/api.w.org\/{rel}","templated":true}]}}